{"id":55102,"date":"1970-01-01T01:00:00","date_gmt":"1970-01-01T00:00:00","guid":{"rendered":"https:\/\/theworldwidejournal.com\/1970\/01\/01\/los-franco-preparan-acciones-cuando-venga-el-lobo-veremos\/"},"modified":"1970-01-01T01:00:00","modified_gmt":"1970-01-01T00:00:00","slug":"los-franco-preparan-acciones-cuando-venga-el-lobo-veremos","status":"publish","type":"post","link":"https:\/\/theworldwidejournal.com\/?p=55102","title":{"rendered":"Los Franco preparan acciones: \u00abCuando venga el lobo, veremos\u00bb"},"content":{"rendered":"<p>\u00abTodo este asunto est\u00e1 tan manido\u2026 Desde junio vienen diciendo que viene el lobo, que viene el lobo&#8230; Cuando, venga, ya veremos\u00bb. Francisco Franco, nieto mayor, conoci\u00f3 ayer por la llamada de ABC los \u00faltimos planes del Gobierno de aprobar un decreto ley expr\u00e9s para sacar a su abuelo del Valle de los Ca\u00eddos. No es que le sorprendiera, pero en breve conversaci\u00f3n con este diario anticip\u00f3 que la familia plantar\u00e1 batalla legal para evitar el traslado forzado que persigue el Ejecutivo del PSOE. Los Franco enviaron a finales de julio una carta a La Moncloa para trasladar al presidente su negativa expresa a la exhumaci\u00f3n de su abuelo, muerto hace 42 a\u00f1os y enterrado en el mausoleo de la sierra madrile\u00f1a. El descendiente de Franco considera que es \u00ababsurdo\u00bb ordenar la salida de su abuelo por un decreto ley, que tendr\u00e1 que validar el Congreso, ya que en su opini\u00f3n esta f\u00f3rmula est\u00e1 prevista para temas urgentes y no para \u00abtomarse la revancha 42 a\u00f1os despu\u00e9s\u00bb. \u00abLas cosas se hicieron en su momento y ahora, cuando ya la gente que hizo la guerra y conoci\u00f3 lo que es eso se ha muerto, es oportunista y propagand\u00edstico el querer tomarse una revancha 42 a\u00f1os despu\u00e9s, cuando no va a haber nadie que se oponga, obviamente, porque a nadie le importa esto, m\u00e1s que, parece ser, al Gobierno\u00bb, se\u00f1al\u00f3 ayer en declaraciones a Europa Press. En su opini\u00f3n, resulta \u00abrid\u00edculo\u00bb invertir \u00abtiempo y dinero\u00bb en ello considerando que \u00abhay cosas m\u00e1s importantes que hacer\u00bb. \u00abNo podemos estar pendientes de lo que diga o haga el Gobierno cada vez. Cuando sea, nos enfrentaremos a ello y tomaremos la decisi\u00f3n que corresponda\u00bb, corrobor\u00f3 recordando que la familia tendr\u00e1 derecho a presentar alegaciones contra la exhumaci\u00f3n cuando el decreto se apruebe. Previsiblemente, una vez que entre en vigor el decreto se abrir\u00e1 un plazo de elegaciones para las partes implicadas en este asunto. En cuanto a la relaci\u00f3n de la familia con el Gobierno, Franco afirma que \u00abno hay nada que hablar\u00bb: \u00abEn su momento se pusieron en contacto para ver si est\u00e1bamos dispuestos pero nosotros hemos dicho que no, porque, obviamente, no vamos a permitir que se haga pol\u00edtica con una cosa que no le importa a nadie o le importa a muy poca gente\u00bb. En cambio, el PSOE de la Comunidad Valenciana salud\u00f3 ayer el decreto como un \u00abgran avance social\u00bb y resalt\u00f3 el compromiso de S\u00e1nchez con la \u00abmemoria democr\u00e1tica\u00bb y las v\u00edctimas del franquismo.<br \/>\nVia: <a href=\"https:\/\/www.abc.es\/espana\/abci-franco-preparan-acciones-cuando-venga-lobo-veremos-201808220154_noticia.html\" target=\"_blank\">Los Franco preparan acciones: \u00abCuando venga el lobo, veremos\u00bb<\/a><\/p>\n","protected":false},"excerpt":{"rendered":"<p>\u00abTodo este asunto est\u00e1 tan manido\u2026 Desde junio vienen diciendo que viene el lobo, que viene el lobo&#8230; Cuando, venga, ya veremos\u00bb. Francisco Franco, nieto mayor, conoci\u00f3 ayer por la llamada de ABC los \u00faltimos planes del Gobierno de aprobar un decreto ley expr\u00e9s para sacar a su abuelo del [&hellip;]<\/p>\n","protected":false},"author":2,"featured_media":55103,"comment_status":"open","ping_status":"closed","sticky":false,"template":"","format":"standard","meta":{"footnotes":""},"categories":[6],"tags":[],"class_list":["post-55102","post","type-post","status-publish","format-standard","has-post-thumbnail","hentry","category-spanish"],"_links":{"self":[{"href":"https:\/\/theworldwidejournal.com\/index.php?rest_route=\/wp\/v2\/posts\/55102","targetHints":{"allow":["GET"]}}],"collection":[{"href":"https:\/\/theworldwidejournal.com\/index.php?rest_route=\/wp\/v2\/posts"}],"about":[{"href":"https:\/\/theworldwidejournal.com\/index.php?rest_route=\/wp\/v2\/types\/post"}],"author":[{"embeddable":true,"href":"https:\/\/theworldwidejournal.com\/index.php?rest_route=\/wp\/v2\/users\/2"}],"replies":[{"embeddable":true,"href":"https:\/\/theworldwidejournal.com\/index.php?rest_route=%2Fwp%2Fv2%2Fcomments&post=55102"}],"version-history":[{"count":0,"href":"https:\/\/theworldwidejournal.com\/index.php?rest_route=\/wp\/v2\/posts\/55102\/revisions"}],"wp:featuredmedia":[{"embeddable":true,"href":"https:\/\/theworldwidejournal.com\/index.php?rest_route=\/wp\/v2\/media\/55103"}],"wp:attachment":[{"href":"https:\/\/theworldwidejournal.com\/index.php?rest_route=%2Fwp%2Fv2%2Fmedia&parent=55102"}],"wp:term":[{"taxonomy":"category","embeddable":true,"href":"https:\/\/theworldwidejournal.com\/index.php?rest_route=%2Fwp%2Fv2%2Fcategories&post=55102"},{"taxonomy":"post_tag","embeddable":true,"href":"https:\/\/theworldwidejournal.com\/index.php?rest_route=%2Fwp%2Fv2%2Ftags&post=55102"}],"curies":[{"name":"wp","href":"https:\/\/api.w.org\/{rel}","templated":true}]}}