{"id":55104,"date":"1970-01-01T01:00:00","date_gmt":"1970-01-01T00:00:00","guid":{"rendered":"https:\/\/theworldwidejournal.com\/1970\/01\/01\/la-fractura-inminente-de-la-izquierda\/"},"modified":"1970-01-01T01:00:00","modified_gmt":"1970-01-01T00:00:00","slug":"la-fractura-inminente-de-la-izquierda","status":"publish","type":"post","link":"https:\/\/theworldwidejournal.com\/?p=55104","title":{"rendered":"La fractura inminente de la izquierda"},"content":{"rendered":"<p>Con la \u00aboperaci\u00f3n di\u00e1logo\u00bb en Catalu\u00f1a estancada y abocada al fracaso tras la amenaza de Joaquim Torra de \u00abatacar\u00bb al Estado en un oto\u00f1o conflictivo, Pedro S\u00e1nchez ha empezado a asumir como factible la celebraci\u00f3n de nuevas elecciones en esa autonom\u00eda. Catalu\u00f1a quedar\u00e1 en septiembre al albur de los tuits de Puigdemont, de la apertura de juicio a los acusados de rebeli\u00f3n, de un Torra erigido en presidente accidental, y del secretismo con que el PNV y ERC intentan reconducir la deriva separatista para facilitar a S\u00e1nchez una hipot\u00e9tica reelecci\u00f3n en 2020. Catalu\u00f1a es sin\u00f3nimo de met\u00e1stasis, y los gestos de permisividad del PSOE solo est\u00e1n orientados a conseguir votos cuando se celebren elecciones generales. S\u00e1nchez sabe bien que no sacar\u00e1 nada en claro de Puigdemont y Torra, y que el resto ser\u00e1 la perpetuaci\u00f3n artificial de un delirio del que el Gobierno se protege en t\u00e9rminos de mercadotecnia haciendo \u00abpol\u00edtica\u00bb a sabiendas de su flagrante inutilidad. Por eso, los intentos de mutua desactivaci\u00f3n entre el PSOE y Podemos, socios coyunturales hasta que rompan camino de las urnas, ser\u00e1n determinantes este oto\u00f1o. \u00abEl principal lastre ideol\u00f3gico para S\u00e1nchez ser\u00e1 gobernar con la pr\u00f3rroga de los Presupuestos\u00bb Salvo una rectificaci\u00f3n estrat\u00e9gica de Podemos que hoy no se maneja, ser\u00e1 cuesti\u00f3n de tiempo comprobar c\u00f3mo fuerza al PSOE a perder las votaciones en el Congreso para alterar la senda de d\u00e9ficit pactada con la Comisi\u00f3n Europea y la Ley de Estabilidad Presupuestaria y Sostenibilidad Financiera. M\u00e1s all\u00e1 de Catalu\u00f1a, el principal lastre ideol\u00f3gico para S\u00e1nchez ser\u00e1 gobernar todo un a\u00f1o con la pr\u00f3rroga de los Presupuestos Generales aprobados por Mariano Rajoy. Dif\u00edcilmente acceder\u00e1 Podemos a realizar el trabajo sucio del PSOE porque le interesa la figura de un presidente en eterna derrota parlamentaria. Avalar las cuentas de S\u00e1nchez ser\u00eda un suicidio asistido porque la incapacidad pol\u00edtica de Pablo Iglesias para rentabilizar el \u00e9xito de la moci\u00f3n de censura de S\u00e1nchez corre en paralelo con la carencia de empat\u00eda medi\u00e1tica que sufre desde hace meses. Por eso Podemos afrontar\u00e1 desde este oto\u00f1o una triple estrategia como mecanismo de autodefensa electoral frente al PSOE. Primero, presentar a S\u00e1nchez como c\u00f3mplice de una pol\u00edtica econ\u00f3mica restrictiva y de recortes de la que Podemos no ser\u00e1 un ac\u00f3lito m\u00e1s porque el riesgo de desnaturalizar m\u00e1s su marca electoral es notable. \u00abPodemos empieza a quedar inerme ante la radicalizaci\u00f3n est\u00e9tica y de fondo de S\u00e1nchez\u00bb Segundo, tratar de recuperar los estandartes ideol\u00f3gicos que S\u00e1nchez ha monopolizado, aunque ya sea tarde. Podemos ha perdido la iniciativa de una memoria hist\u00f3rica sectaria y revanchista que comenzaron sus m\u00e1s relevantes alcaldes, y ahora le resulta imposible competir con el fragor propagand\u00edstico del proceso para la exhumaci\u00f3n de los restos de Franco. Y tercero, recuperar su difuminado perfil de revolucionario \u00abasaltante del cielo\u00bb, y no de burgu\u00e9s acomodaticio de chal\u00e9 y sueldo p\u00fablico. Hoy Podemos empieza a quedar inerme ante la radicalizaci\u00f3n est\u00e9tica y de fondo de S\u00e1nchez. Con Iglesias ajeno a sus principios fundacionales, el PSOE promueve la agitaci\u00f3n ideol\u00f3gica por la izquierda y la salvaguarda del bipartidismo por la derecha. Se trata de que la ley D\u00b4hondt, la \u00fanica que realmente parece importar en Espa\u00f1a, le cuadre. No hay m\u00e1s.<br \/>\nVia: <a href=\"https:\/\/www.abc.es\/espana\/abci-fractura-inminente-izquierda-201808220156_noticia.html\" target=\"_blank\">La fractura inminente de la izquierda<\/a><\/p>\n","protected":false},"excerpt":{"rendered":"<p>Con la \u00aboperaci\u00f3n di\u00e1logo\u00bb en Catalu\u00f1a estancada y abocada al fracaso tras la amenaza de Joaquim Torra de \u00abatacar\u00bb al Estado en un oto\u00f1o conflictivo, Pedro S\u00e1nchez ha empezado a asumir como factible la celebraci\u00f3n de nuevas elecciones en esa autonom\u00eda. Catalu\u00f1a quedar\u00e1 en septiembre al albur de los tuits [&hellip;]<\/p>\n","protected":false},"author":2,"featured_media":55105,"comment_status":"open","ping_status":"closed","sticky":false,"template":"","format":"standard","meta":{"footnotes":""},"categories":[6],"tags":[],"class_list":["post-55104","post","type-post","status-publish","format-standard","has-post-thumbnail","hentry","category-spanish"],"_links":{"self":[{"href":"https:\/\/theworldwidejournal.com\/index.php?rest_route=\/wp\/v2\/posts\/55104","targetHints":{"allow":["GET"]}}],"collection":[{"href":"https:\/\/theworldwidejournal.com\/index.php?rest_route=\/wp\/v2\/posts"}],"about":[{"href":"https:\/\/theworldwidejournal.com\/index.php?rest_route=\/wp\/v2\/types\/post"}],"author":[{"embeddable":true,"href":"https:\/\/theworldwidejournal.com\/index.php?rest_route=\/wp\/v2\/users\/2"}],"replies":[{"embeddable":true,"href":"https:\/\/theworldwidejournal.com\/index.php?rest_route=%2Fwp%2Fv2%2Fcomments&post=55104"}],"version-history":[{"count":0,"href":"https:\/\/theworldwidejournal.com\/index.php?rest_route=\/wp\/v2\/posts\/55104\/revisions"}],"wp:featuredmedia":[{"embeddable":true,"href":"https:\/\/theworldwidejournal.com\/index.php?rest_route=\/wp\/v2\/media\/55105"}],"wp:attachment":[{"href":"https:\/\/theworldwidejournal.com\/index.php?rest_route=%2Fwp%2Fv2%2Fmedia&parent=55104"}],"wp:term":[{"taxonomy":"category","embeddable":true,"href":"https:\/\/theworldwidejournal.com\/index.php?rest_route=%2Fwp%2Fv2%2Fcategories&post=55104"},{"taxonomy":"post_tag","embeddable":true,"href":"https:\/\/theworldwidejournal.com\/index.php?rest_route=%2Fwp%2Fv2%2Ftags&post=55104"}],"curies":[{"name":"wp","href":"https:\/\/api.w.org\/{rel}","templated":true}]}}