{"id":55106,"date":"1970-01-01T01:00:00","date_gmt":"1970-01-01T00:00:00","guid":{"rendered":"https:\/\/theworldwidejournal.com\/1970\/01\/01\/la-generalitat-le-exige-a-sanchez-un-trato-bilateral\/"},"modified":"1970-01-01T01:00:00","modified_gmt":"1970-01-01T00:00:00","slug":"la-generalitat-le-exige-a-sanchez-un-trato-bilateral","status":"publish","type":"post","link":"https:\/\/theworldwidejournal.com\/?p=55106","title":{"rendered":"La Generalitat le exige a S\u00e1nchez un trato bilateral"},"content":{"rendered":"<p>La Generalitat de Catalu\u00f1a sigue respondiendo con desplantes a la pol\u00edtica de mano tendida del Gobierno presidido por Pedro S\u00e1nchez. Rechazando su participaci\u00f3n en cualquier foro multilateral que la iguale al resto de Comunidades Aut\u00f3nomas (CC.AA), el ejecutivo catal\u00e1n comunic\u00f3 ayer de manera formal que no participar\u00e1 en la sesi\u00f3n que a trav\u00e9s de videoconferencia celebra hoy el Consejo de Pol\u00edtica Fiscal y Financiera (CPFF). Es la segunda ocasi\u00f3n en que el ejecutivo catal\u00e1n planta al organismo que, adem\u00e1s de fijar el techo de gasto de las regiones, debe empezar a dise\u00f1ar la reforma pendiente del sistema de financiaci\u00f3n auton\u00f3mica, tradicionalmente una de las reivindicaciones hist\u00f3ricas del nacionalismo catal\u00e1n antes de mutar en independentista. En una carta remitida a la ministra de Hacienda, Mar\u00eda Jes\u00fas Montero, el vicepresidente y consejero de Econom\u00eda catal\u00e1n, Pere Aragon\u00e9s (ERC), le reitera los argumentos que ya esgrimi\u00f3 en su misiva para justificar su ausencia en la reuni\u00f3n del CPFF del pasado 18 de julio. \u00abTeniendo en cuenta el contexto pol\u00edtico actual y la especificidad de los temas que ata\u00f1en a la financiaci\u00f3n de Catalu\u00f1a\u00bb, Aragon\u00e9s entiende que la Comisi\u00f3n Bilateral Estado-Generalitat celebrada el 1 de agosto abri\u00f3 \u00abun nuevo espacio que entendemos m\u00e1s adecuado\u00bb para abordar estos asuntos. Reparto del d\u00e9ficit Aragon\u00e9s desde\u00f1a el foro multilateral para abogar por una relaci\u00f3n bilateral, de t\u00fa a t\u00fa, entre el Gobierno y la Generalitat. En concreto, el vicepresidente catal\u00e1n considera insuficiente la propuesta de elevar del 0,1% al 0,3% el techo de gasto para las CC.AA en 2019. Aunque considera un \u00abavance positivo\u00bb este cambio, sigue considerado \u00abdesproporcionado\u00bb el reparto de los objetivos de d\u00e9ficit entre los distintos niveles de la administraci\u00f3n. \u00abEl ajuste excesivo\u00bb en los presupuestos \u00aben favor de un mayor margen por parte de la Administraci\u00f3n General del Estado\u00bb no s\u00f3lo tiene \u00abun evidente efecto recentralizador, sino que tambi\u00e9n castiga\u00bb a las administraciones que cargan con el mayor peso del Estado del Bienestar. Sea como fuere, estas consideraciones no las podr\u00e1 transmitir Aragon\u00e9s hoy a la ministra. Si es en pie de igualdad con el resto de regiones, Catalu\u00f1a se ausenta. Pese a este nuevo desplante, se advierte en la carta de Aragon\u00e9s, al menos, un tono matizadamente alejado de la exaltada beligerancia que emana de la presidencia bic\u00e9fala (Torra-Puigdemont). Aragon\u00e9s, siempre en base a una relaci\u00f3n bilateral, eso s\u00ed, y \u00abteniendo en cuenta el cambio de ciclo econ\u00f3mico y pol\u00edtico\u00bb, anima a la ministra a revisar la senda hacia la estabilidad presupuestaria, \u00abun terreno que convendr\u00eda explorar en favor de objetivos m\u00e1s ampliamente compartidos y capaces de generar m\u00e1s consensos pol\u00edticos\u00bb. Se dir\u00eda que lenguaje casi autonomista seg\u00fan el criterio del independentismo m\u00e1s exaltado. El desplante de Arag\u00f3nes se produce en todo caso en un momento en el que el ejecutivo de Torra parece decidido a elevar la tensi\u00f3n, m\u00e1s despu\u00e9s de la proclama del presidente catal\u00e1n a \u00abatacar\u00bb al Estado. Para el presidente del PPC, Xavier Garc\u00eda Albiol, \u00abesta es la respuesta del Govern a la pol\u00edtica de buen rollito de S\u00e1nchez Castej\u00f3n con los independentistas\u00bb. \u00abCallar\u00bb a los disidentes Junto a estos movimientos, prosigue la pol\u00e9mica por la utilizaci\u00f3n del espacio p\u00fablico para la exhibici\u00f3n de s\u00edmbolos pol\u00edticos, y en concreto por el papel de los Mossos d\u2019Esquadra al perseguir a los grupos que se dedican a quitar lazos amarillos independentistas. Al respecto, y en una comunidad donde el secesionismo monopoliza calles y ciudades, y donde las instituciones no guardan la m\u00e1s m\u00ednima neutralidad institucional, la portavoz del PP en el Congreso, Dolors Montserrat, anunci\u00f3 para septiembre una iniciativa de los populares para reformar la ley de S\u00edmbolos. El objetivo, garantizar \u00abla neutralidad\u00bb en los espacios p\u00fablicos, ya que son de \u00abtodos\u00bb y lugares de \u00abconvivencia\u00bb. En relaci\u00f3n a la pol\u00e9mica por los lazos amarillos, Montserrat defendi\u00f3 que la \u00ablibertad de unos\u00bb termina cuando empieza la \u00abhumillaci\u00f3n y la ofensa de una mayor\u00eda\u00bb. Respecto al papel de los Mossos, consider\u00f3 que ser\u00eda \u00abintolerante\u00bb que \u00aba unos por ponerlos no les pasara nada y a los otros por quitar s\u00ed\u00bb. En la misma l\u00ednea, la l\u00edder de Cs en Catalu\u00f1a, In\u00e9s Arrimadas, acus\u00f3 al presidente Quim Torra de usar a los Mossos como una \u00abpolic\u00eda pol\u00edtica\u00bb Para Cs, que reclamar\u00e1 la comparecencia del consejero de Interior, Miquel Buch, en el Parlament, Torra trata de \u00abcallar al constitucionalismo en Catalu\u00f1a\u00bb.<br \/>\nVia: <a href=\"https:\/\/www.abc.es\/espana\/abci-generalitat-exige-sanchez-trato-bilateral-201808212107_noticia.html\" target=\"_blank\">La Generalitat le exige a S\u00e1nchez un trato bilateral<\/a><\/p>\n","protected":false},"excerpt":{"rendered":"<p>La Generalitat de Catalu\u00f1a sigue respondiendo con desplantes a la pol\u00edtica de mano tendida del Gobierno presidido por Pedro S\u00e1nchez. Rechazando su participaci\u00f3n en cualquier foro multilateral que la iguale al resto de Comunidades Aut\u00f3nomas (CC.AA), el ejecutivo catal\u00e1n comunic\u00f3 ayer de manera formal que no participar\u00e1 en la sesi\u00f3n [&hellip;]<\/p>\n","protected":false},"author":2,"featured_media":55107,"comment_status":"open","ping_status":"closed","sticky":false,"template":"","format":"standard","meta":{"footnotes":""},"categories":[6],"tags":[],"class_list":["post-55106","post","type-post","status-publish","format-standard","has-post-thumbnail","hentry","category-spanish"],"_links":{"self":[{"href":"https:\/\/theworldwidejournal.com\/index.php?rest_route=\/wp\/v2\/posts\/55106","targetHints":{"allow":["GET"]}}],"collection":[{"href":"https:\/\/theworldwidejournal.com\/index.php?rest_route=\/wp\/v2\/posts"}],"about":[{"href":"https:\/\/theworldwidejournal.com\/index.php?rest_route=\/wp\/v2\/types\/post"}],"author":[{"embeddable":true,"href":"https:\/\/theworldwidejournal.com\/index.php?rest_route=\/wp\/v2\/users\/2"}],"replies":[{"embeddable":true,"href":"https:\/\/theworldwidejournal.com\/index.php?rest_route=%2Fwp%2Fv2%2Fcomments&post=55106"}],"version-history":[{"count":0,"href":"https:\/\/theworldwidejournal.com\/index.php?rest_route=\/wp\/v2\/posts\/55106\/revisions"}],"wp:featuredmedia":[{"embeddable":true,"href":"https:\/\/theworldwidejournal.com\/index.php?rest_route=\/wp\/v2\/media\/55107"}],"wp:attachment":[{"href":"https:\/\/theworldwidejournal.com\/index.php?rest_route=%2Fwp%2Fv2%2Fmedia&parent=55106"}],"wp:term":[{"taxonomy":"category","embeddable":true,"href":"https:\/\/theworldwidejournal.com\/index.php?rest_route=%2Fwp%2Fv2%2Fcategories&post=55106"},{"taxonomy":"post_tag","embeddable":true,"href":"https:\/\/theworldwidejournal.com\/index.php?rest_route=%2Fwp%2Fv2%2Ftags&post=55106"}],"curies":[{"name":"wp","href":"https:\/\/api.w.org\/{rel}","templated":true}]}}