{"id":55171,"date":"1970-01-01T01:00:00","date_gmt":"1970-01-01T00:00:00","guid":{"rendered":"https:\/\/theworldwidejournal.com\/1970\/01\/01\/quim-torra-pide-amparo-al-gobierno-sanchez-para-proteger-el-activismo-independentista\/"},"modified":"1970-01-01T01:00:00","modified_gmt":"1970-01-01T00:00:00","slug":"quim-torra-pide-amparo-al-gobierno-sanchez-para-proteger-el-activismo-independentista","status":"publish","type":"post","link":"https:\/\/theworldwidejournal.com\/?p=55171","title":{"rendered":"Quim Torra pide amparo al Gobierno S\u00e1nchez para proteger el activismo independentista"},"content":{"rendered":"<p>El presidente catal\u00e1n, Quim Torra, ha exigido al ministro de Interior, Fernando Grande-Marlaska, que intervenga y ponga fin a las supuestas agresiones que, a su parecer, han padecido varios activistas independentistas por parte de agentes del Cuerpo Nacional de Polic\u00eda y de la Guardia Civil en los \u00faltimos tiempos. Asimismo, el m\u00e1ximo responsable del Ejecutivo catal\u00e1n hace patente su \u00abpreucupaci\u00f3n\u00bb por casos como la agresi\u00f3n de un radical de extrema derecha al activista Jordi Borr\u00e0s o la identificaci\u00f3n de un agente de la guardia civil en un grupo que retiraba lazos y propaganda secesionista en Tarragona. \u00abEs urgente poner fin a la escalada de violencia en Catalu\u00f1a por parte de grupos violentos, as\u00ed como depurar responsabilidades\u00bb, a\u00f1ade Torra en una carta al ministro a la que ha tenido acceso ABC. Extracto de la carta a Grande-Marlaska &#8211; ABC Sobre el caso del agente de la benem\u00e9rita, Torra exige al ministro que le comunique \u00aburgentemente\u00bb las medidas disciplinarias que vayan a caer sobre \u00e9l. No obstante, el presidente catal\u00e1n no hace referencia a las denuncias expresadas por el entorno del guardia civil y que aseguran que los Mossos filtraron de forma interesada su identidad, as\u00ed como su pertenencia al instituto armado. No es la primera vez que Torra manda una misiva de estas caracter\u00edsticas a las altas instancias del Gobierno S\u00e1nchez, no en vano, el pasado mes de julio ya envi\u00f3 una carta a la delegada del Gobierno en Catalu\u00f1a, Teresa Cunillera, en la que ped\u00eda medidas ante estas supuestas agresiones. Sin embargo, \u00aba la vista del silencio de la delegada del Gobierno\u00bb el president ha optado por reclamar ahora la atenci\u00f3n del ministro Grande-Marlaska.<br \/>\nVia: <a href=\"https:\/\/www.abc.es\/espana\/catalunya\/politica\/abci-quim-torra-pide-amparo-gobierno-sanchez-para-proteger-activismo-independentista-201808221200_noticia.html\" target=\"_blank\">Quim Torra pide amparo al Gobierno S\u00e1nchez para proteger el activismo independentista<\/a><\/p>\n","protected":false},"excerpt":{"rendered":"<p>El presidente catal\u00e1n, Quim Torra, ha exigido al ministro de Interior, Fernando Grande-Marlaska, que intervenga y ponga fin a las supuestas agresiones que, a su parecer, han padecido varios activistas independentistas por parte de agentes del Cuerpo Nacional de Polic\u00eda y de la Guardia Civil en los \u00faltimos tiempos. Asimismo, [&hellip;]<\/p>\n","protected":false},"author":2,"featured_media":55172,"comment_status":"open","ping_status":"closed","sticky":false,"template":"","format":"standard","meta":{"footnotes":""},"categories":[6],"tags":[],"class_list":["post-55171","post","type-post","status-publish","format-standard","has-post-thumbnail","hentry","category-spanish"],"_links":{"self":[{"href":"https:\/\/theworldwidejournal.com\/index.php?rest_route=\/wp\/v2\/posts\/55171","targetHints":{"allow":["GET"]}}],"collection":[{"href":"https:\/\/theworldwidejournal.com\/index.php?rest_route=\/wp\/v2\/posts"}],"about":[{"href":"https:\/\/theworldwidejournal.com\/index.php?rest_route=\/wp\/v2\/types\/post"}],"author":[{"embeddable":true,"href":"https:\/\/theworldwidejournal.com\/index.php?rest_route=\/wp\/v2\/users\/2"}],"replies":[{"embeddable":true,"href":"https:\/\/theworldwidejournal.com\/index.php?rest_route=%2Fwp%2Fv2%2Fcomments&post=55171"}],"version-history":[{"count":0,"href":"https:\/\/theworldwidejournal.com\/index.php?rest_route=\/wp\/v2\/posts\/55171\/revisions"}],"wp:featuredmedia":[{"embeddable":true,"href":"https:\/\/theworldwidejournal.com\/index.php?rest_route=\/wp\/v2\/media\/55172"}],"wp:attachment":[{"href":"https:\/\/theworldwidejournal.com\/index.php?rest_route=%2Fwp%2Fv2%2Fmedia&parent=55171"}],"wp:term":[{"taxonomy":"category","embeddable":true,"href":"https:\/\/theworldwidejournal.com\/index.php?rest_route=%2Fwp%2Fv2%2Fcategories&post=55171"},{"taxonomy":"post_tag","embeddable":true,"href":"https:\/\/theworldwidejournal.com\/index.php?rest_route=%2Fwp%2Fv2%2Ftags&post=55171"}],"curies":[{"name":"wp","href":"https:\/\/api.w.org\/{rel}","templated":true}]}}