{"id":55202,"date":"2018-08-22T18:53:39","date_gmt":"2018-08-22T16:53:39","guid":{"rendered":"https:\/\/theworldwidejournal.com\/2018\/08\/22\/allemagne-legerie-de-la-gauche-radicale-penche-a-lextreme-droite-sur-les-migrants\/"},"modified":"2018-08-22T18:53:39","modified_gmt":"2018-08-22T16:53:39","slug":"allemagne-legerie-de-la-gauche-radicale-penche-a-lextreme-droite-sur-les-migrants","status":"publish","type":"post","link":"https:\/\/theworldwidejournal.com\/?p=55202","title":{"rendered":"Allemagne\u00a0: l&#8217;\u00e9g\u00e9rie de la gauche radicale penche \u00e0 l&#8217;extr\u00eame droite sur les migrants"},"content":{"rendered":"<p>Sahra Wagenknecht, la co-pr\u00e9sidente du groupe parlementaire de Die Linke au Bundestag, lancera le 4 septembre \u00abAufstehen\u00bb, un parti pour en finir avec la \u00abbonne conscience de gauche sur la culture de l\u2019accueil\u00bb.<br \/>\nVia: <a href=\"http:\/\/www.liberation.fr\/planete\/2018\/08\/22\/allemagne-l-egerie-de-la-gauche-radicale-penche-a-l-extreme-droite-sur-les-migrants_1673913?xtor=rss-450\" target=\"_blank\">Allemagne\u00a0: l&#8217;\u00e9g\u00e9rie de la gauche radicale penche \u00e0 l&#8217;extr\u00eame droite sur les migrants<\/a><\/p>\n","protected":false},"excerpt":{"rendered":"<p>Sahra Wagenknecht, la co-pr\u00e9sidente du groupe parlementaire de Die Linke au Bundestag, lancera le 4 septembre \u00abAufstehen\u00bb, un parti pour en finir avec la \u00abbonne conscience de gauche sur la culture de l\u2019accueil\u00bb. Via: Allemagne\u00a0: l&#8217;\u00e9g\u00e9rie de la gauche radicale penche \u00e0 l&#8217;extr\u00eame droite sur les migrants<\/p>\n","protected":false},"author":2,"featured_media":0,"comment_status":"open","ping_status":"closed","sticky":false,"template":"","format":"standard","meta":{"footnotes":""},"categories":[4],"tags":[],"class_list":["post-55202","post","type-post","status-publish","format-standard","hentry","category-french"],"_links":{"self":[{"href":"https:\/\/theworldwidejournal.com\/index.php?rest_route=\/wp\/v2\/posts\/55202","targetHints":{"allow":["GET"]}}],"collection":[{"href":"https:\/\/theworldwidejournal.com\/index.php?rest_route=\/wp\/v2\/posts"}],"about":[{"href":"https:\/\/theworldwidejournal.com\/index.php?rest_route=\/wp\/v2\/types\/post"}],"author":[{"embeddable":true,"href":"https:\/\/theworldwidejournal.com\/index.php?rest_route=\/wp\/v2\/users\/2"}],"replies":[{"embeddable":true,"href":"https:\/\/theworldwidejournal.com\/index.php?rest_route=%2Fwp%2Fv2%2Fcomments&post=55202"}],"version-history":[{"count":0,"href":"https:\/\/theworldwidejournal.com\/index.php?rest_route=\/wp\/v2\/posts\/55202\/revisions"}],"wp:attachment":[{"href":"https:\/\/theworldwidejournal.com\/index.php?rest_route=%2Fwp%2Fv2%2Fmedia&parent=55202"}],"wp:term":[{"taxonomy":"category","embeddable":true,"href":"https:\/\/theworldwidejournal.com\/index.php?rest_route=%2Fwp%2Fv2%2Fcategories&post=55202"},{"taxonomy":"post_tag","embeddable":true,"href":"https:\/\/theworldwidejournal.com\/index.php?rest_route=%2Fwp%2Fv2%2Ftags&post=55202"}],"curies":[{"name":"wp","href":"https:\/\/api.w.org\/{rel}","templated":true}]}}