{"id":55237,"date":"2018-08-23T00:13:19","date_gmt":"2018-08-22T22:13:19","guid":{"rendered":"https:\/\/theworldwidejournal.com\/2018\/08\/23\/el-gobierno-y-podemos-acuerdan-acabar-con-la-capacidad-de-veto-del-pp-en-el-senado\/"},"modified":"2018-08-23T00:13:19","modified_gmt":"2018-08-22T22:13:19","slug":"el-gobierno-y-podemos-acuerdan-acabar-con-la-capacidad-de-veto-del-pp-en-el-senado","status":"publish","type":"post","link":"https:\/\/theworldwidejournal.com\/?p=55237","title":{"rendered":"El Gobierno y Podemos acuerdan acabar con la capacidad de veto del PP en el Senado"},"content":{"rendered":"<p>El compromiso del Gobierno de modificar la Ley de Estabilidad Presupuestaria para acabar con la capacidad de veto del PP en el Senado, donde cuenta con mayor\u00eda absoluta, allana la posibilidad de que Podemos apoye los planes presupuestarios del Ejecutivo de Pedro S\u00e1nchez. La revalorizaci\u00f3n de las pensiones conforme al IPC y la eliminaci\u00f3n del copago farmac\u00e9utico han sido otros puntos de consenso seg\u00fan ha expresado el secretario de Organizaci\u00f3n de Podemos, Pablo Echenique, al t\u00e9rmino de la reuni\u00f3n de cuatro horas que ha mantenido con la ministra de Hacienda, Mar\u00eda Jes\u00fas Montero, en el Ministerio. El Gobierno tambi\u00e9n admite los avances aunque ambas partes trasladan que todav\u00eda quedan muchos detalles pendientes para que se pueda cerrar un acuerdo. Uno de los escollos principales es la renegociaci\u00f3n de la senda de d\u00e9ficit con Bruselas que Podemos reclama al entender que S\u00e1nchez tiene margen para hacerlo.Seguir leyendo.<br \/>\nVia: <a href=\"https:\/\/elpais.com\/politica\/2018\/08\/22\/actualidad\/1534972559_015646.html#?ref=rss&#038;format=simple&#038;link=link\" target=\"_blank\">El Gobierno y Podemos acuerdan acabar con la capacidad de veto del PP en el Senado<\/a><\/p>\n","protected":false},"excerpt":{"rendered":"<p>El compromiso del Gobierno de modificar la Ley de Estabilidad Presupuestaria para acabar con la capacidad de veto del PP en el Senado, donde cuenta con mayor\u00eda absoluta, allana la posibilidad de que Podemos apoye los planes presupuestarios del Ejecutivo de Pedro S\u00e1nchez. La revalorizaci\u00f3n de las pensiones conforme al [&hellip;]<\/p>\n","protected":false},"author":2,"featured_media":0,"comment_status":"open","ping_status":"closed","sticky":false,"template":"","format":"standard","meta":{"footnotes":""},"categories":[6],"tags":[],"class_list":["post-55237","post","type-post","status-publish","format-standard","hentry","category-spanish"],"_links":{"self":[{"href":"https:\/\/theworldwidejournal.com\/index.php?rest_route=\/wp\/v2\/posts\/55237","targetHints":{"allow":["GET"]}}],"collection":[{"href":"https:\/\/theworldwidejournal.com\/index.php?rest_route=\/wp\/v2\/posts"}],"about":[{"href":"https:\/\/theworldwidejournal.com\/index.php?rest_route=\/wp\/v2\/types\/post"}],"author":[{"embeddable":true,"href":"https:\/\/theworldwidejournal.com\/index.php?rest_route=\/wp\/v2\/users\/2"}],"replies":[{"embeddable":true,"href":"https:\/\/theworldwidejournal.com\/index.php?rest_route=%2Fwp%2Fv2%2Fcomments&post=55237"}],"version-history":[{"count":0,"href":"https:\/\/theworldwidejournal.com\/index.php?rest_route=\/wp\/v2\/posts\/55237\/revisions"}],"wp:attachment":[{"href":"https:\/\/theworldwidejournal.com\/index.php?rest_route=%2Fwp%2Fv2%2Fmedia&parent=55237"}],"wp:term":[{"taxonomy":"category","embeddable":true,"href":"https:\/\/theworldwidejournal.com\/index.php?rest_route=%2Fwp%2Fv2%2Fcategories&post=55237"},{"taxonomy":"post_tag","embeddable":true,"href":"https:\/\/theworldwidejournal.com\/index.php?rest_route=%2Fwp%2Fv2%2Ftags&post=55237"}],"curies":[{"name":"wp","href":"https:\/\/api.w.org\/{rel}","templated":true}]}}