{"id":55238,"date":"2018-08-22T21:53:28","date_gmt":"2018-08-22T19:53:28","guid":{"rendered":"https:\/\/theworldwidejournal.com\/2018\/08\/22\/el-psoe-asume-la-anulacion-de-los-juicios-franquistas-que-piden-sus-socios-catalanes\/"},"modified":"2018-08-22T21:53:28","modified_gmt":"2018-08-22T19:53:28","slug":"el-psoe-asume-la-anulacion-de-los-juicios-franquistas-que-piden-sus-socios-catalanes","status":"publish","type":"post","link":"https:\/\/theworldwidejournal.com\/?p=55238","title":{"rendered":"El PSOE asume la anulaci\u00f3n de los juicios franquistas que piden sus socios catalanes"},"content":{"rendered":"<p>El Gobierno socialista solo cuenta con 84 diputados, muchos menos de los 169 que ten\u00eda Jos\u00e9 Luis Rodr\u00edguez Zapatero cuando sac\u00f3 adelante la Ley de Memoria Hist\u00f3rica que marc\u00f3 un hito al forzar el cambio de nombre de centenares de calles y plazas que homenajeaban al franquismo, la retirada de placas y ayudas importantes a las asociaciones que se dedican a buscar a los desaparecidos espa\u00f1oles. Pero con esos 84 esca\u00f1os, sumados al apoyo de los socios que le apoyaron en la moci\u00f3n de censura, pretende llegar mucho m\u00e1s lejos que Zapatero. No solo est\u00e1 decidido a exhumar los restos de Franco \u2014el decreto ley se aprueba ma\u00f1ana\u2014 sino que est\u00e1 dispuesto a desarrollar una nueva Ley de Memoria Hist\u00f3rica m\u00e1s ambiciosa que incluya medidas simb\u00f3licas de calado como anular los juicios franquistas.Seguir leyendo.<br \/>\nVia: <a href=\"https:\/\/elpais.com\/politica\/2018\/08\/22\/actualidad\/1534964399_572161.html#?ref=rss&#038;format=simple&#038;link=link\" target=\"_blank\">El PSOE asume la anulaci\u00f3n de los juicios franquistas que piden sus socios catalanes<\/a><\/p>\n","protected":false},"excerpt":{"rendered":"<p>El Gobierno socialista solo cuenta con 84 diputados, muchos menos de los 169 que ten\u00eda Jos\u00e9 Luis Rodr\u00edguez Zapatero cuando sac\u00f3 adelante la Ley de Memoria Hist\u00f3rica que marc\u00f3 un hito al forzar el cambio de nombre de centenares de calles y plazas que homenajeaban al franquismo, la retirada de [&hellip;]<\/p>\n","protected":false},"author":2,"featured_media":0,"comment_status":"open","ping_status":"closed","sticky":false,"template":"","format":"standard","meta":{"footnotes":""},"categories":[6],"tags":[],"class_list":["post-55238","post","type-post","status-publish","format-standard","hentry","category-spanish"],"_links":{"self":[{"href":"https:\/\/theworldwidejournal.com\/index.php?rest_route=\/wp\/v2\/posts\/55238","targetHints":{"allow":["GET"]}}],"collection":[{"href":"https:\/\/theworldwidejournal.com\/index.php?rest_route=\/wp\/v2\/posts"}],"about":[{"href":"https:\/\/theworldwidejournal.com\/index.php?rest_route=\/wp\/v2\/types\/post"}],"author":[{"embeddable":true,"href":"https:\/\/theworldwidejournal.com\/index.php?rest_route=\/wp\/v2\/users\/2"}],"replies":[{"embeddable":true,"href":"https:\/\/theworldwidejournal.com\/index.php?rest_route=%2Fwp%2Fv2%2Fcomments&post=55238"}],"version-history":[{"count":0,"href":"https:\/\/theworldwidejournal.com\/index.php?rest_route=\/wp\/v2\/posts\/55238\/revisions"}],"wp:attachment":[{"href":"https:\/\/theworldwidejournal.com\/index.php?rest_route=%2Fwp%2Fv2%2Fmedia&parent=55238"}],"wp:term":[{"taxonomy":"category","embeddable":true,"href":"https:\/\/theworldwidejournal.com\/index.php?rest_route=%2Fwp%2Fv2%2Fcategories&post=55238"},{"taxonomy":"post_tag","embeddable":true,"href":"https:\/\/theworldwidejournal.com\/index.php?rest_route=%2Fwp%2Fv2%2Ftags&post=55238"}],"curies":[{"name":"wp","href":"https:\/\/api.w.org\/{rel}","templated":true}]}}