{"id":55240,"date":"1970-01-01T01:00:00","date_gmt":"1970-01-01T00:00:00","guid":{"rendered":"https:\/\/theworldwidejournal.com\/1970\/01\/01\/habla-un-guardia-civil-de-la-valla-de-ceuta-un-dia-va-a-haber-una-desgracia\/"},"modified":"1970-01-01T01:00:00","modified_gmt":"1970-01-01T00:00:00","slug":"habla-un-guardia-civil-de-la-valla-de-ceuta-un-dia-va-a-haber-una-desgracia","status":"publish","type":"post","link":"https:\/\/theworldwidejournal.com\/?p=55240","title":{"rendered":"Habla un guardia civil de la valla de Ceuta: \u00abUn d\u00eda va a haber una desgracia\u00bb"},"content":{"rendered":"<p>Es cuesti\u00f3n de tiempo. Cualquier d\u00eda aqu\u00ed va a haber una desgracia y adem\u00e1s la estamos viendo venir. Los que vamos de servicio al per\u00edmetro fronterizo cumplimos turnos de ocho horas: de seis de la ma\u00f1ana a dos de la tarde, de dos de la tarde a diez de la noche y de diez a seis de la ma\u00f1ana. Cada d\u00eda, m\u00e1s ahora en verano, somos dos, tres, cuatro, cinco&#8230; depende. Nos vemos all\u00ed los que seamos en cada turno y a cada uno se nos asigna una zona concreta de los ocho kil\u00f3metros de valla para que la vigilemos. Cuando todo va bien, terminamos el servicio y en la hoja firmamos \u00absin novedad\u00bb y nos vamos contentos para casa. Cuando hay una historia como la de ayer, nos toca dar el callo y aguantar. No es f\u00e1cil pronosticar cu\u00e1ndo va a haber un salto. De hecho es algo imprevisible. Adem\u00e1s, los d\u00edas que pasan cosas como ayer o como hace un mes [cuando entraron m\u00e1s de 600 inmigrantes ilegales en el gran asalto a la verja de este verano] tenemos poco tiempo para reaccionar. R\u00e1pidamente activamos a los Grupos de Reserva y Seguridad (GRS) y al resto de patrullas que pueda haber en la ciudad. Que nadie se enga\u00f1e, tampoco son muchas, quiz\u00e1 una o dos que se traducen en cuatro agentes m\u00e1s. Y tampoco llegan de forma inmediata. En los 20 minutos en los que suelen pasar desde que damos la alerta hasta que llegan los GRS, a los que estamos en primera l\u00ednea nos toca hacer lo que buenamente podamos. B\u00e1sicamente se reduce a estar ah\u00ed, ya que desde los hechos del 6 de febrero de 2014 [d\u00eda de la tragedia de la playa del Tarajal, cuando murieron quince subsaharianos. Fecha, por cierto, que el guardia recita como si la tuviera grabada a fuego], no podemos usar los medios de contenci\u00f3n. Nuestros medios cuando enfrente nos encontramos con 200 o 300 personas que quieren saltar la valla se reducen a un escudo de pl\u00e1stico de los a\u00f1os 80, la porra, un casco y un chaleco antitrauma, que evidentemente no es un chaleco antibalas ni antilanzallamas. No pasamos miedo, sino lo siguiente. Y cualquier d\u00eda de estos, ojal\u00e1 me equivoque, vamos a tener una desgracia. Le puede pasar a un guardia o a un inmigrante, pero es que vivimos situaciones muy violentas y agresivas [en las \u00faltimas dos ocasiones, los asaltantes han empleado cal viva, \u00e1cido y excrementos contra los guardias]. Rezo por que me caiga la piedra y no el \u00e1cido, la cal viva o lo que sea. Es raro el guardia que no se ha visto aqu\u00ed en una situaci\u00f3n as\u00ed. Pr\u00e1cticamente lo hemos vivido todos y piensas en que todo pase lo antes posible porque el inmigrante que llega no es el del estereotipo. No est\u00e1n fam\u00e9licos. Muchos son t\u00edos enormes. Los ves y piensas \u00abest\u00e1n cuadrados\u00bb. Son como bigardos. Est\u00e1n m\u00e1s fuertes que yo. Por todo ello sentimos rabia e indignaci\u00f3n por aquellos que deber\u00edan tomar partido aqu\u00ed. Ni est\u00e1n ni se les espera y creo que no hace falta que diga a qui\u00e9n me refiero [los Cuerpos de Seguridad exigen desde hace meses que se tomen medidas para reforzar la seguridad de las fronteras terrestres que separan Ceuta y Melilla de \u00c1frica]. Insisto. Cualquier d\u00eda va a haber una desgracia, para cualquiera de las dos partes. Una mala pedradada, una ca\u00edda, un mal golpe y, espero equivocarme, va a caer un guardia. Salir de aqu\u00ed es algo que te planteas muchas veces. Pero&#8230; \u00bfpor qu\u00e9 iba a tener que irme? Creo que esto tiene remedio, pero tienen que ponerlo los que tienen esta decisi\u00f3n en su mano. Cuando hablo con la familia, eso s\u00ed, intento quitarle hierro al asunto. Es verdad que trabajar aqu\u00ed no es como ir al frente, pero est\u00e1s expuesto a cosas as\u00ed. Cuando vienen mal dadas no suelo comentar mi trabajo. Prefiero no hablarlo con la familia porque ya es suficiente que lo pase yo. En la familia no est\u00e1n asustados pero qu\u00e9 duda cabe de que s\u00ed est\u00e1n preocupados cada vez que salimos de servicio. Con la familia no hablamos y con las ONG, la relaci\u00f3n es que cada uno hace su trabajo. Cuando pasa algo, las ONG son las primeras que nos destripan, que nos llaman asesinos y que nos acusan de incumplir la ley. Nosotros tambi\u00e9n empatizamos con los migrantes y, al hablar con ellos, nos reconocen que cuando llegan saben cu\u00e1l es la localizaci\u00f3n exacta del Centro de Estancia Temporal de Inmigrantes. Ellos nos han llegado a decir hasta que las ONG les dicen d\u00f3nde tienen que ir [seg\u00fan ha podido saber ABC, estaba previsto para hoy el traslado de 80 internos del CETI de Ceuta -que acoge a 1.250 sin papeles cuando tiene capacidad para 512- hasta otros centros de acogida de la Pen\u00ednsula. Ese traslado no se hab\u00eda podido realizar hasta hoy despu\u00e9s de la llegada de m\u00e1s de 600 inmigrantes hace casi un mes. \u00bfLa causa? La mayor\u00eda de los centros de Andaluc\u00eda, donde suelen ser derivadas estas personas, estaban igualmente desbordados ante la oleada de pateras en la costa gadiatana. El traslado se precipit\u00f3 a la jornada de ayer y en lugar de 80 salidas hubo 100; unas plazas que r\u00e1pidamente se cubrieron con los 116 migrantes que consiguieron saltar la valla]. Pese a todas las dificultades, seguiremos aqu\u00ed por vocaci\u00f3n, personalidad y amor propio.<br \/>\nVia: <a href=\"https:\/\/www.abc.es\/espana\/abci-habla-guardia-civil-valla-ceuta-haber-desgracia-201808222121_noticia.html\" target=\"_blank\">Habla un guardia civil de la valla de Ceuta: \u00abUn d\u00eda va a haber una desgracia\u00bb<\/a><\/p>\n","protected":false},"excerpt":{"rendered":"<p>Es cuesti\u00f3n de tiempo. Cualquier d\u00eda aqu\u00ed va a haber una desgracia y adem\u00e1s la estamos viendo venir. Los que vamos de servicio al per\u00edmetro fronterizo cumplimos turnos de ocho horas: de seis de la ma\u00f1ana a dos de la tarde, de dos de la tarde a diez de la [&hellip;]<\/p>\n","protected":false},"author":2,"featured_media":55241,"comment_status":"open","ping_status":"closed","sticky":false,"template":"","format":"standard","meta":{"footnotes":""},"categories":[6],"tags":[],"class_list":["post-55240","post","type-post","status-publish","format-standard","has-post-thumbnail","hentry","category-spanish"],"_links":{"self":[{"href":"https:\/\/theworldwidejournal.com\/index.php?rest_route=\/wp\/v2\/posts\/55240","targetHints":{"allow":["GET"]}}],"collection":[{"href":"https:\/\/theworldwidejournal.com\/index.php?rest_route=\/wp\/v2\/posts"}],"about":[{"href":"https:\/\/theworldwidejournal.com\/index.php?rest_route=\/wp\/v2\/types\/post"}],"author":[{"embeddable":true,"href":"https:\/\/theworldwidejournal.com\/index.php?rest_route=\/wp\/v2\/users\/2"}],"replies":[{"embeddable":true,"href":"https:\/\/theworldwidejournal.com\/index.php?rest_route=%2Fwp%2Fv2%2Fcomments&post=55240"}],"version-history":[{"count":0,"href":"https:\/\/theworldwidejournal.com\/index.php?rest_route=\/wp\/v2\/posts\/55240\/revisions"}],"wp:featuredmedia":[{"embeddable":true,"href":"https:\/\/theworldwidejournal.com\/index.php?rest_route=\/wp\/v2\/media\/55241"}],"wp:attachment":[{"href":"https:\/\/theworldwidejournal.com\/index.php?rest_route=%2Fwp%2Fv2%2Fmedia&parent=55240"}],"wp:term":[{"taxonomy":"category","embeddable":true,"href":"https:\/\/theworldwidejournal.com\/index.php?rest_route=%2Fwp%2Fv2%2Fcategories&post=55240"},{"taxonomy":"post_tag","embeddable":true,"href":"https:\/\/theworldwidejournal.com\/index.php?rest_route=%2Fwp%2Fv2%2Ftags&post=55240"}],"curies":[{"name":"wp","href":"https:\/\/api.w.org\/{rel}","templated":true}]}}