{"id":55242,"date":"1970-01-01T01:00:00","date_gmt":"1970-01-01T00:00:00","guid":{"rendered":"https:\/\/theworldwidejournal.com\/1970\/01\/01\/la-norma-regional-marca-que-la-familia-pida-la-exhumacion\/"},"modified":"1970-01-01T01:00:00","modified_gmt":"1970-01-01T00:00:00","slug":"la-norma-regional-marca-que-la-familia-pida-la-exhumacion","status":"publish","type":"post","link":"https:\/\/theworldwidejournal.com\/?p=55242","title":{"rendered":"La norma regional marca que la familia pida la exhumaci\u00f3n"},"content":{"rendered":"<p>La regulaci\u00f3n auton\u00f3mica madrile\u00f1a relativa a las exhumaciones de cad\u00e1veres deja al Gobierno de Madrid fuera de juego en relaci\u00f3n con la salida de los restos de Francisco Franco del Valle de los Ca\u00eddos. \u00abNo tenemos ninguna competencia en la materia, aseguran fuentes del Ejecutivo madrile\u00f1o, que se remiten al Reglamento de Sanidad Mortuoria. En \u00e9l se recoge que la autorizaci\u00f3n para solicitar la exhumaci\u00f3n debe solicitarla la familia. Pero tambi\u00e9n distingue entre lo que es un cad\u00e1ver y lo que son restos cadav\u00e9ricos, con distintos tratamientos normativos para cada uno de ellos. Cuando arrecia la pol\u00e9mica en torno a la oportunidad y la urgencia de desenterrar a Franco, como es intenci\u00f3n del Gobierno Central, las autoridades regionales madrile\u00f1as se\u00f1alan que no tienen ninguna competencia en este asunto, por las particulares condiciones que se dan en el caso. Se remiten en sus argumentos a lo que se\u00f1ala para este particular la legislaci\u00f3n auton\u00f3mica en vigor. Con partida de defunci\u00f3n El decreto por el que se aprob\u00f3 el Reglamento regional de Sanidad Mortuoria de la Comunidad de Madrid data de 1997. En su art\u00edculo 26 se recoge toda la normativa relativa a las exhumaciones, como la que el Gobierno de la Naci\u00f3n quiere llevar a cabo en el Valle de los Ca\u00eddos, situado en el t\u00e9rmino municipal de San Lorenzo de El Escorial. Dicho art\u00edculo indica que \u00abtoda exhumaci\u00f3n de cad\u00e1veres deber\u00e1 tener autorizaci\u00f3n sanitaria\u00bb. Un permiso que habr\u00e1 de solicitar \u00abalg\u00fan familiar o allegado del difunto, acompa\u00f1ando la partida de defunci\u00f3n literal de los cad\u00e1veres cuya exhumaci\u00f3n se pretenda\u00bb. Y, en todo caso, no podr\u00e1n llevarse a cabo antes de cinco a\u00f1os desde el entierro. La norma regional precisa a\u00fan m\u00e1s, al se\u00f1alar que \u00aben \u00e9poca estival, s e podr\u00e1n suspender temporalmente las exhumaciones, con la excepci\u00f3n de las ordenadas por la autoridad judicial\u00bb. Cinco a\u00f1os despu\u00e9s Pero en el caso de la iniciativa del Gobierno de Pedro S\u00e1nchez para sacar del Valle de los Ca\u00eddos los restos de Francisco Franco, las circunstancias que se dan son todav\u00eda m\u00e1s singulares. Porque, seg\u00fan especifica el Reglamento de Sanidad Mortuoria de la Comunidad, no es lo mismo un cad\u00e1ver que unos restos cadav\u00e9ricos. En el primer caso, se considera \u00abcad\u00e1ver\u00bb a \u00abtodo cuerpo humano durante los cinco primeros a\u00f1os siguientes a la muerte real\u00bb. Mientras que \u00abrestos cadav\u00e9ricos\u00bb son \u00abtodo lo que queda del cuerpo humano terminados los fen\u00f3menos de destrucci\u00f3n de la materia org\u00e1nica, una vez transcurridos los cinco a\u00f1os siguientes a la muerte real\u00bb. Atendiendo a esta distinci\u00f3n, lo que se pretende exhumar en Cuelgamuros -nombre del valle donde se asienta este conjunto monumental- son, por tanto, los restos cadav\u00e9ricos de Franco. Y esta matizaci\u00f3n es importante, desde el punto de vista legal, dado que el Reglamento especifica que, aunque toda exhumaci\u00f3n de cad\u00e1veres debe tener autorizaci\u00f3n sanitaria, y \u00e9sta la debe solicitar la familia del difunto, en el caso de los restos cadav\u00e9ricos no existe esta premisa: \u00abEst\u00e1n exentas de autorizaci\u00f3n sanitaria las exhumaciones de restos cadav\u00e9ricos\u00bb, se\u00f1ala en su literal el art\u00edculo 26.3 de la citada norma regional. Desde el Gobierno regional, no quieren entrar en la pol\u00e9mica generada por la exhumaci\u00f3n. \u00abNosotros nos centramos en los vivos, creemos que es mucho m\u00e1s importante centrarse en los vivos que francamente en los muertos\u00bb, manifest\u00f3 el vicepresidente regional y portavoz del Gobierno madrile\u00f1o, Pedro Roll\u00e1n. Acuerdo previo Por su parte, fuentes del Arzobispado de Madrid, que encabeza el cardenal arzobispo Carlos Osoro, afirmaron a ABC que siguen muy de cerca el desarrollo de los acontecimientos, pero insisten en que la decisi\u00f3n definitiva deben tomarla el Gobierno Central y la familia Franco. El Ejecutivo de Pedro S\u00e1nchez, por su parte, tiene previsto aprobar este viernes por decreto ley una modificaci\u00f3n en la Ley de Memoria Hist\u00f3rica que fuerce el traslado de los restos de Franco.<br \/>\nVia: <a href=\"https:\/\/www.abc.es\/espana\/abci-norma-regional-marca-familia-pida-exhumacion-201808230203_noticia.html\" target=\"_blank\">La norma regional marca que la familia pida la exhumaci\u00f3n<\/a><\/p>\n","protected":false},"excerpt":{"rendered":"<p>La regulaci\u00f3n auton\u00f3mica madrile\u00f1a relativa a las exhumaciones de cad\u00e1veres deja al Gobierno de Madrid fuera de juego en relaci\u00f3n con la salida de los restos de Francisco Franco del Valle de los Ca\u00eddos. \u00abNo tenemos ninguna competencia en la materia, aseguran fuentes del Ejecutivo madrile\u00f1o, que se remiten al [&hellip;]<\/p>\n","protected":false},"author":2,"featured_media":55243,"comment_status":"open","ping_status":"closed","sticky":false,"template":"","format":"standard","meta":{"footnotes":""},"categories":[6],"tags":[],"class_list":["post-55242","post","type-post","status-publish","format-standard","has-post-thumbnail","hentry","category-spanish"],"_links":{"self":[{"href":"https:\/\/theworldwidejournal.com\/index.php?rest_route=\/wp\/v2\/posts\/55242","targetHints":{"allow":["GET"]}}],"collection":[{"href":"https:\/\/theworldwidejournal.com\/index.php?rest_route=\/wp\/v2\/posts"}],"about":[{"href":"https:\/\/theworldwidejournal.com\/index.php?rest_route=\/wp\/v2\/types\/post"}],"author":[{"embeddable":true,"href":"https:\/\/theworldwidejournal.com\/index.php?rest_route=\/wp\/v2\/users\/2"}],"replies":[{"embeddable":true,"href":"https:\/\/theworldwidejournal.com\/index.php?rest_route=%2Fwp%2Fv2%2Fcomments&post=55242"}],"version-history":[{"count":0,"href":"https:\/\/theworldwidejournal.com\/index.php?rest_route=\/wp\/v2\/posts\/55242\/revisions"}],"wp:featuredmedia":[{"embeddable":true,"href":"https:\/\/theworldwidejournal.com\/index.php?rest_route=\/wp\/v2\/media\/55243"}],"wp:attachment":[{"href":"https:\/\/theworldwidejournal.com\/index.php?rest_route=%2Fwp%2Fv2%2Fmedia&parent=55242"}],"wp:term":[{"taxonomy":"category","embeddable":true,"href":"https:\/\/theworldwidejournal.com\/index.php?rest_route=%2Fwp%2Fv2%2Fcategories&post=55242"},{"taxonomy":"post_tag","embeddable":true,"href":"https:\/\/theworldwidejournal.com\/index.php?rest_route=%2Fwp%2Fv2%2Ftags&post=55242"}],"curies":[{"name":"wp","href":"https:\/\/api.w.org\/{rel}","templated":true}]}}