{"id":55244,"date":"1970-01-01T01:00:00","date_gmt":"1970-01-01T00:00:00","guid":{"rendered":"https:\/\/theworldwidejournal.com\/1970\/01\/01\/torra-acusa-a-policia-y-guardia-civil-de-actuar-con-violencia\/"},"modified":"1970-01-01T01:00:00","modified_gmt":"1970-01-01T00:00:00","slug":"torra-acusa-a-policia-y-guardia-civil-de-actuar-con-violencia","status":"publish","type":"post","link":"https:\/\/theworldwidejournal.com\/?p=55244","title":{"rendered":"Torra acusa a Polic\u00eda y Guardia Civil de actuar con violencia"},"content":{"rendered":"<p>El presidente de la Generalitat, Quim Torra, exige al ministro del Interior, Fernando Grande Marlaska, que adopte \u00abmedidas disciplinarias\u00bb contra los agentes de la Guardia Civil y la Polic\u00eda Nacional que, seg\u00fan denuncia, han protagonizado agresiones o incidentes contra independentistas. En una escalada verbal que se produce en paralelo a las acusaciones contra los Mossos d\u2019Esquadra de actuar como \u00abpolic\u00eda pol\u00edtica\u00bb por haber identificado y amenazado con multas a personas que quitaban lazos amarillos independentistas, el jefe del ejecutivo catal\u00e1n reclama al Gobierno de manera urgente \u00abponer fin a la escalada de violencia en Catalu\u00f1a por parte de grupos violentos, as\u00ed como depurar responsabilidades\u00bb. En concreto, Torra alud\u00eda a los insultos denunciados por dos diputados de ERC por parte de un miembro del CNP que custodiaba la comisar\u00eda de V\u00eda Layetana de Barcelona, la agresi\u00f3n tambi\u00e9n por parte de un miembro del CNP a un fotoperiodista y la identificaci\u00f3n de un agente de la Guardia Civil dentro del grupo de 14 personas que quitaban lazos amarillos el pasado viernes en Tarragona. Sobre este \u00faltimo caso, y despu\u00e9s de que el vicepresidente del Parlament (JpC) aludiese a la \u00abextrema derecha policial\u00bb, Torra insisti\u00f3 en que \u00abde las personas identificadas, parece contrastada la participaci\u00f3n de un agente de la Guardia Civil en estos grupos armados y organizados que recorren el territorio catal\u00e1n\u00bb. Estos mismos grupos denunciaron a ABC por contra la filtraci\u00f3n interesada de la identidad de esa persona por parte de lo que definen que es una \u00abpolic\u00eda pol\u00edtica\u00bb. \u00abEncapuchados y armados\u00bb Precisamente, el papel de los Mossos sigue siendo objeto de pol\u00e9mica. Hace pocos d\u00edas, el propio Torra defend\u00eda su actuaci\u00f3n en Tarragona. \u00abAl margen de cualquier cuesti\u00f3n partidista\u00bb, los Mossos tratan de \u00abcuidar por la seguridad de todos, y cuando resulta que una noche cualquiera un grupo de encapuchados con armas blancas, con navajas, y con planos, est\u00e1n en nuestras calles, l\u00f3gicamente, los Mossos deben actuar por la seguridad de todos\u00bb, apunt\u00f3 el presidente catal\u00e1n. En esta pol\u00e9mica, el Gobierno presidido por Pedro S\u00e1nchez se pone de perfil, y ayer la secretaria de Estado de Seguridad, Ana Botella, anunci\u00f3 que este asunto se abordar\u00e1 de manera conjunta entre el Gobierno y la Generalitat en una pr\u00f3xima Junta de Seguridad. El Ejecutivo, que dice no tener \u00abuna informaci\u00f3n de car\u00e1cter jur\u00eddico y legal para valorar si la actuaci\u00f3n es correcta o no\u00bb, s\u00ed considera no obstante que este tipo de acciones -la colocaci\u00f3n de lazos- \u00abpueden despertar en otras personas que piensen diferente el inter\u00e9s de llenar el espacio p\u00fablico de otro tipo de s\u00edmbolos\u00bb, entrando \u00aben una escalada inabarcable\u00bb. En cualquier caso, Botella indic\u00f3 que los Mossos tienen competencia en seguridad ciudadana, apuntando que si \u00abdan el paso -de multar- porque entienden que tienen la capacidad para hacerlo\u00bb. Estas manifestaciones se suman a las que la fiscal general del Estado, considerando que no hay delito ni en la colocaci\u00f3n ni en la retirada de lazos amarillos. \u00abExp\u00edritu t\u00f3xico\u00bb Quienes s\u00ed se movilizan en contra de la actuaci\u00f3n de la polic\u00eda catalana son asociaciones como Impulso Ciudadano, movimiento c\u00edvico contrario a la independencia que denunci\u00f3 ayer ante la Fiscal\u00eda del Tribunal Superior de Justicia de Catalu\u00f1a al consejero de Interior, Miquel Buch, al jefe de la polic\u00eda auton\u00f3mica catalana, Miquel Esquius, y a su director general, Andreu Joan Mart\u00ednez. Precisamente, este \u00faltimo consider\u00f3 que hay \u00abesp\u00edritu t\u00f3xico\u00bb y una absoluta irresponsabilidad en las manifestaciones de la l\u00edder de Cs, In\u00e9s Arrimadas, llamando a desobedecer a los Mossos cuando estos act\u00faen como \u00abpolic\u00eda pol\u00edtica\u00bb. Tambi\u00e9n aludi\u00f3 a la pol\u00e9mica de los lazos el presidente del PP en el Ayuntamiento de Barcelona, Alberto Fern\u00e1ndez, para quien estos s\u00edmbolos \u00abm\u00e1s que ser un s\u00edmbolo de libertad, se est\u00e1n convirtiendo en una soga a la convivencia para aquellos que no son independentistas\u00bb. \u00abRetirar lazos amarillos no solo es un ejercicio de libertad de expresi\u00f3n sino que es una obligaci\u00f3n para respetar y dar cumplimiento a las ordenanzas municipales\u00bb, apunt\u00f3 Fern\u00e1ndez.<br \/>\nVia: <a href=\"https:\/\/www.abc.es\/espana\/abci-torra-acusa-policia-y-guardia-civil-actuar-violencia-201808222040_noticia.html\" target=\"_blank\">Torra acusa a Polic\u00eda y Guardia Civil de actuar con violencia<\/a><\/p>\n","protected":false},"excerpt":{"rendered":"<p>El presidente de la Generalitat, Quim Torra, exige al ministro del Interior, Fernando Grande Marlaska, que adopte \u00abmedidas disciplinarias\u00bb contra los agentes de la Guardia Civil y la Polic\u00eda Nacional que, seg\u00fan denuncia, han protagonizado agresiones o incidentes contra independentistas. En una escalada verbal que se produce en paralelo a [&hellip;]<\/p>\n","protected":false},"author":2,"featured_media":55245,"comment_status":"open","ping_status":"closed","sticky":false,"template":"","format":"standard","meta":{"footnotes":""},"categories":[6],"tags":[],"class_list":["post-55244","post","type-post","status-publish","format-standard","has-post-thumbnail","hentry","category-spanish"],"_links":{"self":[{"href":"https:\/\/theworldwidejournal.com\/index.php?rest_route=\/wp\/v2\/posts\/55244","targetHints":{"allow":["GET"]}}],"collection":[{"href":"https:\/\/theworldwidejournal.com\/index.php?rest_route=\/wp\/v2\/posts"}],"about":[{"href":"https:\/\/theworldwidejournal.com\/index.php?rest_route=\/wp\/v2\/types\/post"}],"author":[{"embeddable":true,"href":"https:\/\/theworldwidejournal.com\/index.php?rest_route=\/wp\/v2\/users\/2"}],"replies":[{"embeddable":true,"href":"https:\/\/theworldwidejournal.com\/index.php?rest_route=%2Fwp%2Fv2%2Fcomments&post=55244"}],"version-history":[{"count":0,"href":"https:\/\/theworldwidejournal.com\/index.php?rest_route=\/wp\/v2\/posts\/55244\/revisions"}],"wp:featuredmedia":[{"embeddable":true,"href":"https:\/\/theworldwidejournal.com\/index.php?rest_route=\/wp\/v2\/media\/55245"}],"wp:attachment":[{"href":"https:\/\/theworldwidejournal.com\/index.php?rest_route=%2Fwp%2Fv2%2Fmedia&parent=55244"}],"wp:term":[{"taxonomy":"category","embeddable":true,"href":"https:\/\/theworldwidejournal.com\/index.php?rest_route=%2Fwp%2Fv2%2Fcategories&post=55244"},{"taxonomy":"post_tag","embeddable":true,"href":"https:\/\/theworldwidejournal.com\/index.php?rest_route=%2Fwp%2Fv2%2Ftags&post=55244"}],"curies":[{"name":"wp","href":"https:\/\/api.w.org\/{rel}","templated":true}]}}