{"id":55246,"date":"1970-01-01T01:00:00","date_gmt":"1970-01-01T00:00:00","guid":{"rendered":"https:\/\/theworldwidejournal.com\/1970\/01\/01\/el-gobierno-acuerda-con-podemos-que-la-senda-de-deficit-se-vote-solo-en-el-congreso\/"},"modified":"1970-01-01T01:00:00","modified_gmt":"1970-01-01T00:00:00","slug":"el-gobierno-acuerda-con-podemos-que-la-senda-de-deficit-se-vote-solo-en-el-congreso","status":"publish","type":"post","link":"https:\/\/theworldwidejournal.com\/?p=55246","title":{"rendered":"El Gobierno acuerda con Podemos que la senda de d\u00e9ficit se vote solo en el Congreso"},"content":{"rendered":"<p>El secretario de Organizaci\u00f3n de Podemos, Pablo Echenique, ha anunciado este mi\u00e9rcoles que su formaci\u00f3n ha acordado con el Gobierno la modificaci\u00f3n de la Ley de Estabilidad Presupuestaria para evitar que el Senado pueda vetar la aprobaci\u00f3n de la senda de consolidaci\u00f3n fiscal propuesta por el Ejecutivo. El acuerdo implica la eliminaci\u00f3n del art\u00edculo 15 de la mencionada ley para que los objetivos de estabilidad presupuestaria solo sean votados por el Congreso, sin pasar despu\u00e9s al Senado, de forma que se evite la mayor\u00eda absoluta que el PP tiene en la C\u00e1mara Alta, seg\u00fan han concretado a EFE desde Podemos. \u00abSe elimina as\u00ed la \u00faltima palanca de poder que le queda al PP referente a los presupuestos generales del Estado, que es la posibilidad de vetar la senda de d\u00e9ficit (&#8230;) con una mayor\u00eda absoluta espuria que no se corresponde con la fuerza electoral del PP\u00bb, ha afirmado Echenique en declaraciones remitidas a los medios de comunicaci\u00f3n tras la reuni\u00f3n durante la noche de este mi\u00e9rcoles con el Gobierno. Echenique ha explicado que la reforma se har\u00e1 lo antes posible porque tiene que ser anterior a la llegada de nuevo al Congreso de la senda de estabilidad para el periodo 2019-2021 que el Gobierno tiene previsto aprobar otra vez en el Consejo de Ministros de este viernes. En opini\u00f3n de Podemos la reforma se podr\u00eda hacer mediante un decreto ley, aunque este punto no se ha concretado durante una reuni\u00f3n en la que ha habido un \u00abinteresante debate jur\u00eddico\u00bb al respecto. Fuentes del Ministerio de Hacienda se han limitado a confirmar a EFE que ha habido avances en la negociaci\u00f3n, pero no han querido concretar los contenidos tratados. La derogaci\u00f3n de la Ley de Estabilidad Presupuestaria era uno de los requisitos planteados por Unidos Podemos al Ejecutivo a cambio de su apoyo a la senda de estabilidad 2019-2021, algo a lo que se neg\u00f3 el Gobierno porque lo entend\u00eda como una ruptura con Bruselas. Finalmente se ha optado por una reforma parcial despu\u00e9s de que en los \u00faltimos d\u00edas el presidente del Gobierno, Pedro S\u00e1nchez, y el secretario general de Podemos, Pablo Iglesias, hayan estado hablando de este asunto, seg\u00fan ha confirmado Podemos. En el marco de la negociaci\u00f3n, que seguir\u00e1 en los pr\u00f3ximos d\u00edas, Echenique ha dicho que tambi\u00e9n se ha avanzado en un principio de acuerdo para eliminar el copago farmac\u00e9utico y para actualizar las pensiones de 2018 y 2019 conforme al IPC. Para 2018 este acuerdo supondr\u00eda el abono de una paga \u00fanica a comienzos de 2019 que compense la desviaci\u00f3n de la subida de las pensiones de este a\u00f1o respecto a la inflaci\u00f3n. \u00abSomos relativamente optimistas con este punto. Es fundamental que la gente de nuestro pa\u00eds note los acuerdos en sus hospitales, escuelas y en sus bolsillos\u00bb, ha se\u00f1alado Echenique. No obstante, ha se\u00f1alado que todav\u00eda quedan muchas medidas por detallar, como las relativas a la dependencia, la educaci\u00f3n, la sanidad, las pol\u00edticas sociales de los ayuntamientos y la propia sostenibilidad del sistema de pensiones.<br \/>\nVia: <a href=\"https:\/\/www.abc.es\/economia\/abci-podemos-acuerda-gobierno-modificacion-ley-estabilidad-201808230050_noticia.html\" target=\"_blank\">El Gobierno acuerda con Podemos que la senda de d\u00e9ficit se vote solo en el Congreso<\/a><\/p>\n","protected":false},"excerpt":{"rendered":"<p>El secretario de Organizaci\u00f3n de Podemos, Pablo Echenique, ha anunciado este mi\u00e9rcoles que su formaci\u00f3n ha acordado con el Gobierno la modificaci\u00f3n de la Ley de Estabilidad Presupuestaria para evitar que el Senado pueda vetar la aprobaci\u00f3n de la senda de consolidaci\u00f3n fiscal propuesta por el Ejecutivo. El acuerdo implica [&hellip;]<\/p>\n","protected":false},"author":2,"featured_media":55247,"comment_status":"open","ping_status":"closed","sticky":false,"template":"","format":"standard","meta":{"footnotes":""},"categories":[6],"tags":[],"class_list":["post-55246","post","type-post","status-publish","format-standard","has-post-thumbnail","hentry","category-spanish"],"_links":{"self":[{"href":"https:\/\/theworldwidejournal.com\/index.php?rest_route=\/wp\/v2\/posts\/55246","targetHints":{"allow":["GET"]}}],"collection":[{"href":"https:\/\/theworldwidejournal.com\/index.php?rest_route=\/wp\/v2\/posts"}],"about":[{"href":"https:\/\/theworldwidejournal.com\/index.php?rest_route=\/wp\/v2\/types\/post"}],"author":[{"embeddable":true,"href":"https:\/\/theworldwidejournal.com\/index.php?rest_route=\/wp\/v2\/users\/2"}],"replies":[{"embeddable":true,"href":"https:\/\/theworldwidejournal.com\/index.php?rest_route=%2Fwp%2Fv2%2Fcomments&post=55246"}],"version-history":[{"count":0,"href":"https:\/\/theworldwidejournal.com\/index.php?rest_route=\/wp\/v2\/posts\/55246\/revisions"}],"wp:featuredmedia":[{"embeddable":true,"href":"https:\/\/theworldwidejournal.com\/index.php?rest_route=\/wp\/v2\/media\/55247"}],"wp:attachment":[{"href":"https:\/\/theworldwidejournal.com\/index.php?rest_route=%2Fwp%2Fv2%2Fmedia&parent=55246"}],"wp:term":[{"taxonomy":"category","embeddable":true,"href":"https:\/\/theworldwidejournal.com\/index.php?rest_route=%2Fwp%2Fv2%2Fcategories&post=55246"},{"taxonomy":"post_tag","embeddable":true,"href":"https:\/\/theworldwidejournal.com\/index.php?rest_route=%2Fwp%2Fv2%2Ftags&post=55246"}],"curies":[{"name":"wp","href":"https:\/\/api.w.org\/{rel}","templated":true}]}}