{"id":55316,"date":"1970-01-01T01:00:00","date_gmt":"1970-01-01T00:00:00","guid":{"rendered":"https:\/\/theworldwidejournal.com\/1970\/01\/01\/quim-torra-anticipa-un-otono-caliente-vamos-a-acusar-al-estado-de-esta-farsa\/"},"modified":"1970-01-01T01:00:00","modified_gmt":"1970-01-01T00:00:00","slug":"quim-torra-anticipa-un-otono-caliente-vamos-a-acusar-al-estado-de-esta-farsa","status":"publish","type":"post","link":"https:\/\/theworldwidejournal.com\/?p=55316","title":{"rendered":"Quim Torra anticipa un oto\u00f1o caliente: \u00abVamos a acusar al Estado de esta farsa\u00bb"},"content":{"rendered":"<p>El presidente catal\u00e1n, Quim Torra, ha matizado este jueves sus intenciones de \u00abatacar\u00bb al Estado y ha asegurado ahora que su voluntad es \u00abacusar\u00bb al Gobierno por su gesti\u00f3n de la crisis catalana. Asimismo, ha pedido a los ciudadanos que tengan \u00abesperanza\u00bb en la independencia y ha se\u00f1alado el oto\u00f1o como el momento clave para alcanzarla. \u00abNo debemos ir a defendernos de nada, debemos ir a acusar al Estado espa\u00f1ol de esta farsa, esta causa injusta. Os pido que lo hagamos juntos, que en esta marcha por los derechos sociales, civiles y nacionales la hagamos juntos\u00bb, ha apuntado el presidente catal\u00e1n en la clausura de la Universidad Catalana de Verano, una cita que organiza cada a\u00f1o el nacionalismo catal\u00e1n en la localidad francesa de Prada de Conflent. Torra tambi\u00e9n ha reivindicado su compromiso con el refer\u00e9ndum ilegal del 1-O y la \u00abdeclaraci\u00f3n de independencia\u00bb que hizo posteriormente el Parlament. Asimismo, ha asegurado que en estos momentos Catalu\u00f1a no vive una \u00absituaci\u00f3n normal\u00bb y ha mencionado de nuevo el tema de los \u00abpresos pol\u00edticos\u00bb y los \u00abexiliados\u00bb que, seg\u00fan su parecer, hay en Espa\u00f1a, B\u00e9lgica, Suiza y el Reino Unido. \u00abHacer real la rep\u00fablica\u00bb en oto\u00f1o \u00abLa tarea es hacer real esta rep\u00fablica, y en eso estamos. No nos desviaremos ni un mil\u00edmetro de este compromiso. La esperanza es lo que debe mover a nuestro pueblo este oto\u00f1o, la esperanza de que estamos en el lado correcto de la historia y lo conseguiremos, as\u00ed s\u00ed que ganaremos\u00bb, ha remachado ante un auditorio entregado que lo ha aclamado al final de su intervenci\u00f3n entre consignas a favor de la rep\u00fablica catalana.<br \/>\nVia: <a href=\"https:\/\/www.abc.es\/espana\/catalunya\/politica\/abci-quim-torra-anticipa-otono-caliente-estamos-lado-correcto-historia-y-ganaremos-201808231446_noticia.html\" target=\"_blank\">Quim Torra anticipa un oto\u00f1o caliente: \u00abVamos a acusar al Estado de esta farsa\u00bb<\/a><\/p>\n","protected":false},"excerpt":{"rendered":"<p>El presidente catal\u00e1n, Quim Torra, ha matizado este jueves sus intenciones de \u00abatacar\u00bb al Estado y ha asegurado ahora que su voluntad es \u00abacusar\u00bb al Gobierno por su gesti\u00f3n de la crisis catalana. Asimismo, ha pedido a los ciudadanos que tengan \u00abesperanza\u00bb en la independencia y ha se\u00f1alado el oto\u00f1o [&hellip;]<\/p>\n","protected":false},"author":2,"featured_media":55317,"comment_status":"open","ping_status":"closed","sticky":false,"template":"","format":"standard","meta":{"footnotes":""},"categories":[6],"tags":[],"class_list":["post-55316","post","type-post","status-publish","format-standard","has-post-thumbnail","hentry","category-spanish"],"_links":{"self":[{"href":"https:\/\/theworldwidejournal.com\/index.php?rest_route=\/wp\/v2\/posts\/55316","targetHints":{"allow":["GET"]}}],"collection":[{"href":"https:\/\/theworldwidejournal.com\/index.php?rest_route=\/wp\/v2\/posts"}],"about":[{"href":"https:\/\/theworldwidejournal.com\/index.php?rest_route=\/wp\/v2\/types\/post"}],"author":[{"embeddable":true,"href":"https:\/\/theworldwidejournal.com\/index.php?rest_route=\/wp\/v2\/users\/2"}],"replies":[{"embeddable":true,"href":"https:\/\/theworldwidejournal.com\/index.php?rest_route=%2Fwp%2Fv2%2Fcomments&post=55316"}],"version-history":[{"count":0,"href":"https:\/\/theworldwidejournal.com\/index.php?rest_route=\/wp\/v2\/posts\/55316\/revisions"}],"wp:featuredmedia":[{"embeddable":true,"href":"https:\/\/theworldwidejournal.com\/index.php?rest_route=\/wp\/v2\/media\/55317"}],"wp:attachment":[{"href":"https:\/\/theworldwidejournal.com\/index.php?rest_route=%2Fwp%2Fv2%2Fmedia&parent=55316"}],"wp:term":[{"taxonomy":"category","embeddable":true,"href":"https:\/\/theworldwidejournal.com\/index.php?rest_route=%2Fwp%2Fv2%2Fcategories&post=55316"},{"taxonomy":"post_tag","embeddable":true,"href":"https:\/\/theworldwidejournal.com\/index.php?rest_route=%2Fwp%2Fv2%2Ftags&post=55316"}],"curies":[{"name":"wp","href":"https:\/\/api.w.org\/{rel}","templated":true}]}}