{"id":55320,"date":"1970-01-01T01:00:00","date_gmt":"1970-01-01T00:00:00","guid":{"rendered":"https:\/\/theworldwidejournal.com\/1970\/01\/01\/el-pp-se-planta-ante-el-pacto-de-hacienda-y-podemos-para-sortear-al-senado-en-la-estabilidad-presupuestaria\/"},"modified":"1970-01-01T01:00:00","modified_gmt":"1970-01-01T00:00:00","slug":"el-pp-se-planta-ante-el-pacto-de-hacienda-y-podemos-para-sortear-al-senado-en-la-estabilidad-presupuestaria","status":"publish","type":"post","link":"https:\/\/theworldwidejournal.com\/?p=55320","title":{"rendered":"El PP se planta ante el pacto de Hacienda y Podemos para sortear al Senado en la Estabilidad Presupuestaria"},"content":{"rendered":"<p>El portavoz del grupo parlamentario del PP en el Senado, Ignacio Cosid\u00f3, ha asegurado hoy jueves que su formaci\u00f3n \u00abse opondr\u00e1 con toda la capacidad parlamentaria\u00bb al pacto que alcanzaron a \u00faltima hora de este mi\u00e9rcoles el Ministerio de Hacienda y Podemos en el que se recoge la eliminaci\u00f3n de derecho a veto que atribuye la Ley de Estabilidad Presupuestaria al Senado para la definici\u00f3n de la senda de d\u00e9ficit. \u00abEst\u00e1 en juego la calidad democr\u00e1tica\u00bb, ha aseverado Cosid\u00f3 en declaraciones en Antena 3, en las que ha lamentado el acuerdo entre la formaci\u00f3n morada y el Gobierno porque considera que \u00absupone limitar la capacidad del Parlamento para controlar la acci\u00f3n del poder ejecutivo\u00bb. \u00abTriqui\u00f1uelas legales\u00bb \u00abLo que diferencia a las democracias parlamentarias de los reg\u00edmenes autoritarios es el papel del Parlamento y tenemos un Gobierno que act\u00faa a base de orillar la legitimidad democr\u00e1tica que reside en el Parlamento en sus dos C\u00e1maras\u00ab, ha subrayado Cosid\u00f3. Con todo, ha anunciado que desde el PP se opondr\u00e1n a ese pacto con \u00abtoda la intensidad\u00bb y ha explicado que lo har\u00e1n presumiblemente buscando la alianza de los partidos \u00abque defienden una democracia parlamentaria\u00bb o a trav\u00e9s de recursos ante el Tribunal Constitucional porque, en su opini\u00f3n, \u00abest\u00e1 en juego la calidad democr\u00e1tica\u00bb. \u00abPor ah\u00ed no vamos a pasar\u00bb, ha zanjado. Por su parte, el secretario general del PP, Teodoro Garc\u00eda Egea, valor\u00f3 el acuerdo del Gobierno con Podemos como \u00abuna muestra de que gobierna Pablo Iglesias\u00bb. En declaraciones a la Cadena Ser a\u00f1adi\u00f3 que Espa\u00f1a \u00abest\u00e1 dirigida por una persona sin iniciativa\u00bb que est\u00e1 pagando \u00abpeajes\u00bb a Podemos por su apoyo para gobernar. El secretario general de Ciudadanos, Jos\u00e9 Manuel Villegas, ha acusado al Gobierno de buscar \u00abtruquillos y triqui\u00f1uelas legales\u00bb para saltarse la legalidad y evitar as\u00ed el veto del PP. En una entrevista en RNE, Villegas ha pedido a S\u00e1nchez que convoque elecciones \u00aby no siga perjudicando los intereses generales de Espa\u00f1a por permanecer unos meses m\u00e1s en la Moncloa\u00bb. Eliminar el art\u00edculo 15 Podemos acord\u00f3 anoche con el Gobierno la modificaci\u00f3n de la Ley de Estabilidad Presupuestaria para evitar que el Senado, con mayor\u00eda absoluta del PP, pueda vetar la aprobaci\u00f3n de la senda de consolidaci\u00f3n fiscal propuesta por el Ejecutivo. La derogaci\u00f3n de la Ley de Estabilidad Presupuestaria era uno de los requisitos planteados por Unidos Podemos al Ejecutivo a cambio de su apoyo a la senda de estabilidad 2019-2021, algo a lo que se neg\u00f3 el Gobierno porque lo entend\u00eda como una ruptura con Bruselas. Seg\u00fan anunci\u00f3 el secretario de Organizaci\u00f3n de Podemos, Pablo Echenique, el acuerdo implica la eliminaci\u00f3n del art\u00edculo 15 de la mencionada ley para que los objetivos de estabilidad presupuestaria solo sean votados por el Congreso, sin pasar despu\u00e9s al Senado, de forma que se evite la mayor\u00eda absoluta que el PP tiene en la C\u00e1mara Alta. Echenique explic\u00f3 que la reforma se har\u00e1 lo antes posible porque tiene que ser anterior a la llegada de nuevo al Congreso de la senda de estabilidad para el periodo 2019-2021 que el Gobierno tiene previsto aprobar otra vez en el Consejo de Ministros del viernes. En opini\u00f3n de Podemos la reforma se podr\u00eda hacer mediante un decreto ley, aunque este punto no se ha concretado durante una reuni\u00f3n en la que ha habido un \u00abinteresante debate jur\u00eddico\u00bb al respecto. Fuentes del Ministerio de Hacienda se han limitado a confirmar a EFE que ha habido avances en la negociaci\u00f3n, pero no han querido concretar los contenidos tratados. La derogaci\u00f3n de la Ley de Estabilidad Presupuestaria era uno de los requisitos planteados por Unidos Podemos al Ejecutivo a cambio de su apoyo a la senda de estabilidad 2019-2021, algo a lo que se neg\u00f3 el Gobierno porque lo entend\u00eda como una ruptura con Bruselas. Finalmente se ha optado por una reforma parcial despu\u00e9s de que en los \u00faltimos d\u00edas el presidente del Gobierno, Pedro S\u00e1nchez, y el secretario general de Podemos, Pablo Iglesias, hayan estado hablando de este asunto, seg\u00fan ha confirmado Podemos.<br \/>\nVia: <a href=\"https:\/\/www.abc.es\/espana\/abci-pp-planta-ante-pacto-hacienda-y-podemos-para-sortear-senado-estabilidad-presupuestaria-201808231039_noticia.html\" target=\"_blank\">El PP se planta ante el pacto de Hacienda y Podemos para sortear al Senado en la Estabilidad Presupuestaria<\/a><\/p>\n","protected":false},"excerpt":{"rendered":"<p>El portavoz del grupo parlamentario del PP en el Senado, Ignacio Cosid\u00f3, ha asegurado hoy jueves que su formaci\u00f3n \u00abse opondr\u00e1 con toda la capacidad parlamentaria\u00bb al pacto que alcanzaron a \u00faltima hora de este mi\u00e9rcoles el Ministerio de Hacienda y Podemos en el que se recoge la eliminaci\u00f3n de [&hellip;]<\/p>\n","protected":false},"author":2,"featured_media":55321,"comment_status":"open","ping_status":"closed","sticky":false,"template":"","format":"standard","meta":{"footnotes":""},"categories":[6],"tags":[],"class_list":["post-55320","post","type-post","status-publish","format-standard","has-post-thumbnail","hentry","category-spanish"],"_links":{"self":[{"href":"https:\/\/theworldwidejournal.com\/index.php?rest_route=\/wp\/v2\/posts\/55320","targetHints":{"allow":["GET"]}}],"collection":[{"href":"https:\/\/theworldwidejournal.com\/index.php?rest_route=\/wp\/v2\/posts"}],"about":[{"href":"https:\/\/theworldwidejournal.com\/index.php?rest_route=\/wp\/v2\/types\/post"}],"author":[{"embeddable":true,"href":"https:\/\/theworldwidejournal.com\/index.php?rest_route=\/wp\/v2\/users\/2"}],"replies":[{"embeddable":true,"href":"https:\/\/theworldwidejournal.com\/index.php?rest_route=%2Fwp%2Fv2%2Fcomments&post=55320"}],"version-history":[{"count":0,"href":"https:\/\/theworldwidejournal.com\/index.php?rest_route=\/wp\/v2\/posts\/55320\/revisions"}],"wp:featuredmedia":[{"embeddable":true,"href":"https:\/\/theworldwidejournal.com\/index.php?rest_route=\/wp\/v2\/media\/55321"}],"wp:attachment":[{"href":"https:\/\/theworldwidejournal.com\/index.php?rest_route=%2Fwp%2Fv2%2Fmedia&parent=55320"}],"wp:term":[{"taxonomy":"category","embeddable":true,"href":"https:\/\/theworldwidejournal.com\/index.php?rest_route=%2Fwp%2Fv2%2Fcategories&post=55320"},{"taxonomy":"post_tag","embeddable":true,"href":"https:\/\/theworldwidejournal.com\/index.php?rest_route=%2Fwp%2Fv2%2Ftags&post=55320"}],"curies":[{"name":"wp","href":"https:\/\/api.w.org\/{rel}","templated":true}]}}