{"id":55322,"date":"1970-01-01T01:00:00","date_gmt":"1970-01-01T00:00:00","guid":{"rendered":"https:\/\/theworldwidejournal.com\/1970\/01\/01\/asi-quieren-sabotear-el-gobierno-y-podemos-la-mayoria-del-pp-en-el-senado\/"},"modified":"1970-01-01T01:00:00","modified_gmt":"1970-01-01T00:00:00","slug":"asi-quieren-sabotear-el-gobierno-y-podemos-la-mayoria-del-pp-en-el-senado","status":"publish","type":"post","link":"https:\/\/theworldwidejournal.com\/?p=55322","title":{"rendered":"As\u00ed quieren sabotear el Gobierno y Podemos la mayor\u00eda del PP en el Senado"},"content":{"rendered":"<p>La portavoz adjunta de Unidos Podemos en el Congreso de los Diputados, Ione Belarra, afirm\u00f3 este jueves que es una \u00abbuena noticia\u00bb el principio de acuerdo alcanzado entre ambas formaciones para reformar la Ley de Estabilidad Presupuestaria y \u00abquitar la llave\u00bb al PP en el Senado sobre los objetivos de estabilidad, lo cual pretende modificar v\u00eda real decreto ley o proposici\u00f3n de ley. As\u00ed lo indic\u00f3 en una entrevista en la Cadena Ser, despu\u00e9s de que en la noche del mi\u00e9rcoles Podemos y el Ministerio de Hacienda acordaran impulsar una reforma de la Ley de Estabilidad Presupuestaria para que no se requiera el voto favorable del senado al acuerdo que recoge los objetivos de estabilidad y el \u00abtecho de gasto\u00bb. El Gobierno del Mariano Rajoy introdujo una cla\u00fasula en la Ley de Estabilidad Presupuestaria despu\u00e9s de llegar a La Moncloa para que tanto el Congreso y el Senado tengan que dar el visto bueno a los objetivos de estabilidad presupuestaria y de deuda p\u00fablica de cada ejercicio. La norma general establece que el Congreso aprueba en primer lugar las leyes o sus modificaciones y el Senado la ratifica despu\u00e9s. En caso de no hacerlo, el procedimiento ordinario permite que el Congreso levante el rechazo del Senado para su aprobaci\u00f3n definitiva. Sin embargo, el art\u00edculo 15.6 de la Ley de Estabilidad Presupuestaria incluye como excepci\u00f3n que las Cortes Generales deben pronunciarse al respecto y \u00absi el Congreso de los Diputados o el Senado rechazan los objetivos, el Gobierno, en el plazo m\u00e1ximo de un mes, remitir\u00e1 un nuevo acuerdo que se someter\u00e1 al mismo procedimiento\u00bb. El PP tiene mayor\u00eda absoluta en el Senado, lo que le permite vetar el acuerdo sobre los objetivos de estabilidad una vez superen el tr\u00e1mite en el Congreso. En todo caso, cabe recordar que la senda de d\u00e9ficit que propone el Gobierno fue tumbada por la C\u00e1mara Baja a finales del mes de julio con los votos en contra de PP y Ciudadanos y la abstenci\u00f3n de Podemos, ERC y PDECat. Belarra dijo que su formaci\u00f3n est\u00e1 \u00abbastante satisfecha\u00bb con la reuni\u00f3n con el Gobierno, ya que pone fin al \u00abcierto inmovilismo\u00bb que, consideran, hab\u00eda caracterizado al Ejecutivo de Pedro S\u00e1nchez. Adem\u00e1s, se\u00f1al\u00f3 que la reuni\u00f3n estuvo precedida por una conversaci\u00f3n telef\u00f3nica del presidente del Gobierno con el l\u00edder de Podemos, Pablo Iglesias. La portavoz adjunta de Podemos en el Congreso explic\u00f3 que con este cambio normativo se anteponen los intereses de Espa\u00f1a y de los ciudadanos y se permitir\u00e1 mejorar la vida de las personas. La propuesta para reformar esta norma, se\u00f1al\u00f3 Belarra, explora dos v\u00edas, que son el real decreto y la proposici\u00f3n de ley, con lo que subray\u00f3, \u00abdar\u00eda tiempo\u00bb antes de que senda de d\u00e9ficit llegue al Congreso. En todo caso, explic\u00f3 que los puntos del acuerdo con el Gobierno van m\u00e1s all\u00e1 y pasa tambi\u00e9n por la actualizaci\u00f3n de las pensiones en l\u00ednea con el IPC en una paga \u00fanica y la eliminaci\u00f3n del factor de sostenibilidad.<br \/>\nVia: <a href=\"https:\/\/www.abc.es\/espana\/abci-ley-estabilidad-presupuestaria-quieren-sabotear-gobierno-y-podemos-mayoria-pp-senado-201808231107_noticia.html\" target=\"_blank\">As\u00ed quieren sabotear el Gobierno y Podemos la mayor\u00eda del PP en el Senado<\/a><\/p>\n","protected":false},"excerpt":{"rendered":"<p>La portavoz adjunta de Unidos Podemos en el Congreso de los Diputados, Ione Belarra, afirm\u00f3 este jueves que es una \u00abbuena noticia\u00bb el principio de acuerdo alcanzado entre ambas formaciones para reformar la Ley de Estabilidad Presupuestaria y \u00abquitar la llave\u00bb al PP en el Senado sobre los objetivos de [&hellip;]<\/p>\n","protected":false},"author":2,"featured_media":55323,"comment_status":"open","ping_status":"closed","sticky":false,"template":"","format":"standard","meta":{"footnotes":""},"categories":[6],"tags":[],"class_list":["post-55322","post","type-post","status-publish","format-standard","has-post-thumbnail","hentry","category-spanish"],"_links":{"self":[{"href":"https:\/\/theworldwidejournal.com\/index.php?rest_route=\/wp\/v2\/posts\/55322","targetHints":{"allow":["GET"]}}],"collection":[{"href":"https:\/\/theworldwidejournal.com\/index.php?rest_route=\/wp\/v2\/posts"}],"about":[{"href":"https:\/\/theworldwidejournal.com\/index.php?rest_route=\/wp\/v2\/types\/post"}],"author":[{"embeddable":true,"href":"https:\/\/theworldwidejournal.com\/index.php?rest_route=\/wp\/v2\/users\/2"}],"replies":[{"embeddable":true,"href":"https:\/\/theworldwidejournal.com\/index.php?rest_route=%2Fwp%2Fv2%2Fcomments&post=55322"}],"version-history":[{"count":0,"href":"https:\/\/theworldwidejournal.com\/index.php?rest_route=\/wp\/v2\/posts\/55322\/revisions"}],"wp:featuredmedia":[{"embeddable":true,"href":"https:\/\/theworldwidejournal.com\/index.php?rest_route=\/wp\/v2\/media\/55323"}],"wp:attachment":[{"href":"https:\/\/theworldwidejournal.com\/index.php?rest_route=%2Fwp%2Fv2%2Fmedia&parent=55322"}],"wp:term":[{"taxonomy":"category","embeddable":true,"href":"https:\/\/theworldwidejournal.com\/index.php?rest_route=%2Fwp%2Fv2%2Fcategories&post=55322"},{"taxonomy":"post_tag","embeddable":true,"href":"https:\/\/theworldwidejournal.com\/index.php?rest_route=%2Fwp%2Fv2%2Ftags&post=55322"}],"curies":[{"name":"wp","href":"https:\/\/api.w.org\/{rel}","templated":true}]}}