{"id":55387,"date":"1970-01-01T01:00:00","date_gmt":"1970-01-01T00:00:00","guid":{"rendered":"https:\/\/theworldwidejournal.com\/1970\/01\/01\/el-decretazo-para-desenterrar-a-franco-abre-la-puerta-a-reclamar-nuevas-exhumaciones\/"},"modified":"1970-01-01T01:00:00","modified_gmt":"1970-01-01T00:00:00","slug":"el-decretazo-para-desenterrar-a-franco-abre-la-puerta-a-reclamar-nuevas-exhumaciones","status":"publish","type":"post","link":"https:\/\/theworldwidejournal.com\/?p=55387","title":{"rendered":"El decretazo para desenterrar a Franco abre la puerta a reclamar nuevas exhumaciones"},"content":{"rendered":"<p>\u00abEn breve\u00bb, dijo en junio el presidente del Gobierno. Y se cumpli\u00f3. El Consejo de Ministros aprueba previsiblemente hoy un decreto ley para modificar la Ley de Memoria Hist\u00f3rica y cumplir el principal objetivo de Pedro S\u00e1nchez: activar el proceso de exhumaci\u00f3n de los restos Franco. La norma debe pasar antes por el Congreso de los Diputados aunque el Ejecutivo sabe que pisa tierra firme. El grupo parlamenario socialista ya sac\u00f3 adelante en mayo de 2017 una proposici\u00f3n no de Ley que inst\u00f3 al Gobierno de Mariano Rajoy a trasladar al dictador y al fundador de la Falange, Jos\u00e9 Antonio Primo de Rivera, del Valle de los Ca\u00eddos. Se espera, por ello, que en septiembre, con el inicio del curso parlamentario, la C\u00e1mara Baja avale la medida sin complicaciones. \u00abLa f\u00f3rmula m\u00e1s adecuada es un decreto ley que modifique puntualmente la Ley de Memoria Hist\u00f3rica para evitar que las demandas judiciales paralicen la medida\u00bb, admiti\u00f3 el martes el titular de Cultura, Jos\u00e9 Guirao. El ministro se refer\u00eda as\u00ed a una estrategia jur\u00eddica para sortear las posibles demandas con las que la familia Franco amenaz\u00f3 al Ejecutivo cuando hizo p\u00fablica su intenci\u00f3n. Y, tambi\u00e9n, para evitar que se pudiese desencadenar un caso similar al que se produjo este verano con los restos mortales del general Jos\u00e9 Sanjurjo. Evitar el caso Sanjurjo El Ayuntamiento de Pamplona y el Arzobispado llegaron a un acuerdo hace dos a\u00f1os para trasladar los restos de Sanjurjo y de otros golpistas del Monumento a los Ca\u00eddos. Pero un recurso presentado por la hija del franquista tergivers\u00f3 todos los planes y oblig\u00f3 al Consistorio pamplonica a retroceder. As\u00ed las cosas, el titular del Juzgado Contencioso Administrativo n\u00famero 2 de Pamplona, Antonio S\u00e1nchez, dio la raz\u00f3n a los familiares y orden\u00f3 en julio devolver los restos de Sanjurjo al edifici o en memoria de los combatientes sublevados del que fueron exhumados en noviembre de 2016. El magistrado tambi\u00e9n neg\u00f3 que su sepultura violara la Ley de Memoria Hist\u00f3rica, porque, seg\u00fan \u00e9l, el monumento no supone ninguna exaltaci\u00f3n o s\u00edmbolo franquista. El Gobierno, con este precedente, necesitaba blindar la norma ante futuros pleitos, aunque la aprobaci\u00f3n del decreto ley suponga abrir la puerta a m\u00e1s solicitudes para nuevas exhumaciones. De hecho, el Foro por la Memoria de Toledo, motivado por la iniciativa del Gobierno, ya anunci\u00f3 esta semana su intenci\u00f3n de estudiar medidas para los sublevados enterrados en el Alc\u00e1zar. Su presidente, Emilio Sales, se refiere concretamente a los cuerpos del general Jos\u00e9 Moscard\u00f3 y de Jaime Milans del Bosch, militares que defendieron el edificio contra las tropas republicanas. El presidente a\u00fan no tiene claro si solicitar\u00e1n la exhumaci\u00f3n o su intenci\u00f3n ir\u00e1 por otra v\u00eda, pero s\u00ed denunci\u00f3 que un edificio p\u00fablico disponga de un espacio privado para elogiar a militares franquistas. El Foro por la Memoria le pide al Gobierno que siga tomando estas iniciativas Asimismo, Sales expres\u00f3, en declaraciones a Efe, que el Valle de los Ca\u00eddos seguir\u00e1 siendo un s\u00edmbolo Franquista pese al traslado del cuerpo de Franco y, por ello, inst\u00f3 al Gobierno a que siga tomando iniciativas en este sentido. Por su parte, la presidenta de la Junta de Andaluc\u00eda, Susana D\u00edaz, tambi\u00e9n se ampar\u00f3 ayer en el \u00abdecretazo\u00bb para exigir la exhumaci\u00f3n de los restos del general Gonzalo Queipo de Llano, enterrado en la bas\u00edlica de la Macarena, en Sevilla. Hace unas semanas la Hermandad de la Macarena aprob\u00f3 un proyecto para levantar un columbario en recuerdo a los miembros de la entidad. El espacio se baraj\u00f3 como una posible opci\u00f3n para trasladar los restos de Queipo de Llano. La presidenta andaluza consider\u00f3 ayer que lo m\u00e1s plausible ser\u00eda que la propia cofrad\u00eda tomase la iniciativa, pero tambi\u00e9n asever\u00f3 que en el caso contrario la Junta tomar\u00eda las medidas necesarias para que se cumpliese la Ley de Memoria Hist\u00f3rica.<br \/>\nVia: <a href=\"https:\/\/www.abc.es\/espana\/abci-decretazo-para-desenterrar-franco-abre-puerta-reclamar-nuevas-exhumaciones-201808232048_noticia.html\" target=\"_blank\">El decretazo para desenterrar a Franco abre la puerta a reclamar nuevas exhumaciones<\/a><\/p>\n","protected":false},"excerpt":{"rendered":"<p>\u00abEn breve\u00bb, dijo en junio el presidente del Gobierno. Y se cumpli\u00f3. El Consejo de Ministros aprueba previsiblemente hoy un decreto ley para modificar la Ley de Memoria Hist\u00f3rica y cumplir el principal objetivo de Pedro S\u00e1nchez: activar el proceso de exhumaci\u00f3n de los restos Franco. La norma debe pasar [&hellip;]<\/p>\n","protected":false},"author":2,"featured_media":55388,"comment_status":"open","ping_status":"closed","sticky":false,"template":"","format":"standard","meta":{"footnotes":""},"categories":[6],"tags":[],"class_list":["post-55387","post","type-post","status-publish","format-standard","has-post-thumbnail","hentry","category-spanish"],"_links":{"self":[{"href":"https:\/\/theworldwidejournal.com\/index.php?rest_route=\/wp\/v2\/posts\/55387","targetHints":{"allow":["GET"]}}],"collection":[{"href":"https:\/\/theworldwidejournal.com\/index.php?rest_route=\/wp\/v2\/posts"}],"about":[{"href":"https:\/\/theworldwidejournal.com\/index.php?rest_route=\/wp\/v2\/types\/post"}],"author":[{"embeddable":true,"href":"https:\/\/theworldwidejournal.com\/index.php?rest_route=\/wp\/v2\/users\/2"}],"replies":[{"embeddable":true,"href":"https:\/\/theworldwidejournal.com\/index.php?rest_route=%2Fwp%2Fv2%2Fcomments&post=55387"}],"version-history":[{"count":0,"href":"https:\/\/theworldwidejournal.com\/index.php?rest_route=\/wp\/v2\/posts\/55387\/revisions"}],"wp:featuredmedia":[{"embeddable":true,"href":"https:\/\/theworldwidejournal.com\/index.php?rest_route=\/wp\/v2\/media\/55388"}],"wp:attachment":[{"href":"https:\/\/theworldwidejournal.com\/index.php?rest_route=%2Fwp%2Fv2%2Fmedia&parent=55387"}],"wp:term":[{"taxonomy":"category","embeddable":true,"href":"https:\/\/theworldwidejournal.com\/index.php?rest_route=%2Fwp%2Fv2%2Fcategories&post=55387"},{"taxonomy":"post_tag","embeddable":true,"href":"https:\/\/theworldwidejournal.com\/index.php?rest_route=%2Fwp%2Fv2%2Ftags&post=55387"}],"curies":[{"name":"wp","href":"https:\/\/api.w.org\/{rel}","templated":true}]}}