{"id":55391,"date":"1970-01-01T01:00:00","date_gmt":"1970-01-01T00:00:00","guid":{"rendered":"https:\/\/theworldwidejournal.com\/1970\/01\/01\/la-generalitat-no-solicito-el-permiso-al-volver-a-abrir-las-embajadas-tras-la-suspension-del-155\/"},"modified":"1970-01-01T01:00:00","modified_gmt":"1970-01-01T00:00:00","slug":"la-generalitat-no-solicito-el-permiso-al-volver-a-abrir-las-embajadas-tras-la-suspension-del-155","status":"publish","type":"post","link":"https:\/\/theworldwidejournal.com\/?p=55391","title":{"rendered":"La Generalitat no solicit\u00f3 el permiso al volver a abrir las \u00abembajadas\u00bb tras la suspensi\u00f3n del 155"},"content":{"rendered":"<p>Con la suspensi\u00f3n de la aplicaci\u00f3n del art\u00edculo 155 tras el retorno del independentismo al Palau de la Generalitat, una de las primera medidas que adopt\u00f3 con toda la carga simb\u00f3lica el nuevo Ejecutivo de Quim Torra fue la reapertura de las \u00abembajadas\u00bb que la intervenci\u00f3n de la administraci\u00f3n hab\u00eda precisamente clausurado por considerarlas un foco de propagaci\u00f3n del secesionismo. Al respecto, el Ministerio de Exteriores inform\u00f3 ayer que presentar\u00e1 un recurso contencioso-administrativo contra la apertura de las delegaciones de la Generalitat en Reino Unido, Irlanda, Alemania, Estados Unidos, Italia, Suiza y Francia, al considerar que el Gobierno catal\u00e1n no cumpli\u00f3 la regulaci\u00f3n prevista en la ley de Acci\u00f3n y del Servicio Exterior del Estado. En concreto, detalla el ministerio, la Generalitat no cumpli\u00f3 con la obligaci\u00f3n de comunicar al Gobierno la creaci\u00f3n de delegaciones en el extranjero que tienen las comunidades. Dicha comunicaci\u00f3n es previa al informe que sobre la adecuaci\u00f3n de esta medida deben emitir tanto Exteriores como Hacienda. El Govern ignora el aviso El ministerio que dirige Josep Borrell apunta que la Generalitat comunic\u00f3 con s\u00f3lo 24 horas de antelaci\u00f3n la apertura antes de firmar el decreto de creaci\u00f3n, sin tiempo para que el Gobierno emitiese el informe preceptivo, y alegando adem\u00e1s que de hecho no se trataba de crear nuevas delegaciones, sino de reabrir las cerradas por el 155. El ministerio de Exteriores alega por contra que tampoco cuando se abrieron las citadas embajadas la Generalitat hab\u00eda cumplido con los tr\u00e1mites legales. El anterior Ejecutivo tambi\u00e9n recurri\u00f3, un contencioso que fue archivado al aplicarse el 155. En su nota, Exteriores subraya que el recurso no afecta a las 40 delegaciones comerciales, 13 oficinas tur\u00edsticas y 8 culturales que Catalu\u00f1a mantiene en el extranjero. Tras conocerse la decisi\u00f3n del Gobierno, la consejer\u00eda de Acci\u00f3n Exterior de la Generalitat, dirigida por el exeurodiputado Ernest Maragall, respondi\u00f3 que el Govern \u00absigue en marcha\u00bb con su plan de aumentar la presencia internacional. A modo de advertencia, Acci\u00f3n Exterior de la Generalitat avis\u00f3 al Gobierno de que el Govern \u00absigue determinado a llevar la voz de Catalu\u00f1a a Europa y al mundo\u00bb.<br \/>\nVia: <a href=\"https:\/\/www.abc.es\/espana\/abci-generalitat-no-solicito-permiso-volver-abrir-embajadas-tras-suspension-155-201808232122_noticia.html\" target=\"_blank\">La Generalitat no solicit\u00f3 el permiso al volver a abrir las \u00abembajadas\u00bb tras la suspensi\u00f3n del 155<\/a><\/p>\n","protected":false},"excerpt":{"rendered":"<p>Con la suspensi\u00f3n de la aplicaci\u00f3n del art\u00edculo 155 tras el retorno del independentismo al Palau de la Generalitat, una de las primera medidas que adopt\u00f3 con toda la carga simb\u00f3lica el nuevo Ejecutivo de Quim Torra fue la reapertura de las \u00abembajadas\u00bb que la intervenci\u00f3n de la administraci\u00f3n hab\u00eda [&hellip;]<\/p>\n","protected":false},"author":2,"featured_media":55392,"comment_status":"open","ping_status":"closed","sticky":false,"template":"","format":"standard","meta":{"footnotes":""},"categories":[6],"tags":[],"class_list":["post-55391","post","type-post","status-publish","format-standard","has-post-thumbnail","hentry","category-spanish"],"_links":{"self":[{"href":"https:\/\/theworldwidejournal.com\/index.php?rest_route=\/wp\/v2\/posts\/55391","targetHints":{"allow":["GET"]}}],"collection":[{"href":"https:\/\/theworldwidejournal.com\/index.php?rest_route=\/wp\/v2\/posts"}],"about":[{"href":"https:\/\/theworldwidejournal.com\/index.php?rest_route=\/wp\/v2\/types\/post"}],"author":[{"embeddable":true,"href":"https:\/\/theworldwidejournal.com\/index.php?rest_route=\/wp\/v2\/users\/2"}],"replies":[{"embeddable":true,"href":"https:\/\/theworldwidejournal.com\/index.php?rest_route=%2Fwp%2Fv2%2Fcomments&post=55391"}],"version-history":[{"count":0,"href":"https:\/\/theworldwidejournal.com\/index.php?rest_route=\/wp\/v2\/posts\/55391\/revisions"}],"wp:featuredmedia":[{"embeddable":true,"href":"https:\/\/theworldwidejournal.com\/index.php?rest_route=\/wp\/v2\/media\/55392"}],"wp:attachment":[{"href":"https:\/\/theworldwidejournal.com\/index.php?rest_route=%2Fwp%2Fv2%2Fmedia&parent=55391"}],"wp:term":[{"taxonomy":"category","embeddable":true,"href":"https:\/\/theworldwidejournal.com\/index.php?rest_route=%2Fwp%2Fv2%2Fcategories&post=55391"},{"taxonomy":"post_tag","embeddable":true,"href":"https:\/\/theworldwidejournal.com\/index.php?rest_route=%2Fwp%2Fv2%2Ftags&post=55391"}],"curies":[{"name":"wp","href":"https:\/\/api.w.org\/{rel}","templated":true}]}}