{"id":55393,"date":"1970-01-01T01:00:00","date_gmt":"1970-01-01T00:00:00","guid":{"rendered":"https:\/\/theworldwidejournal.com\/1970\/01\/01\/el-numero-dos-de-colau-hace-un-viaje-oficial-de-un-mes-a-su-argentina-natal\/"},"modified":"1970-01-01T01:00:00","modified_gmt":"1970-01-01T00:00:00","slug":"el-numero-dos-de-colau-hace-un-viaje-oficial-de-un-mes-a-su-argentina-natal","status":"publish","type":"post","link":"https:\/\/theworldwidejournal.com\/?p=55393","title":{"rendered":"El n\u00famero dos de Colau hace un viaje \u00aboficial\u00bb de un mes a su Argentina natal"},"content":{"rendered":"<p>Un viaje \u00aboficial\u00bb de casi un mes de duraci\u00f3n. Gerardo Pisarello, primer teniente de alcalde del Ayuntamiento de Barcelona, est\u00e1 aprovechando la menor actividad del verano para realizar un viaje de casi un mes de duraci\u00f3n \u2013del 2 al 30 de agosto\u2013 a Uruguay y a su Argentina natal, un periplo en el que \u00fanicamente en doce de las jornadas hay programada actividad oficial, tal y como recoge la web del Consotorio. La confusi\u00f3n clara entre lo que es un viaje de tipo oficial y otro de ocio o familiar es evidente. En su periplo por Montevideo, Buenos Aires, Rosario o Tucum\u00e1n, donde naci\u00f3, Pisarello se ha acompa\u00f1ado de sus dos hijos y de su pareja, Vanesa Vali\u00f1o, a su vez jefa de gabinete de la concejal\u00eda de Vivienda y Rehabilitaci\u00f3n de Barcelona. Fuentes del grupo del PDECat se\u00f1alaron a este diario que \u00abcuando de manera premeditada se mezcla el tiempo de vacaciones con las responsabilidades institucionales es inevitable que surjan las sospechas de que no haya sido el inter\u00e9s de ciudad el motivo principal del viaje\u00bb. En el PDECat se preguntan si Pisarello hubiera ido a Argentina en agosto a fimar protocolos si no fuese su pa\u00eds natal. En Cs, Carina Mej\u00edas se\u00f1ala que Pisarello \u00abvuelve a su pa\u00eds gracias al dinero de los barceloneses justificando el pago del trayecto de ida como viaje oficial para ver si all\u00ed consigue alguna relevancia pol\u00edtica y, de paso, disfrutar de vacaciones familiares\u00bb. Dietas En el PP, Javier Mulleras apunt\u00f3 que \u00ablos que dec\u00edan que eran los abanderados de la transparencia ahora se han quedado mudos\u00bb, pregunt\u00e1ndose si las vacaciones se han pagado con dinero p\u00fablico. Todos los grupos criticaron la ausencia de Pisarello en una ciudad que este verano vive crisis como la de los manteros o los narcopisos. Frente a estas consideraciones, fuentes municipales precisaron a este diario que el coste del viaje de la pareja del primer teniente de alcalde y de sus hijos \u00ablos ha pagado la familia de su bolsillo y no han acarreado ning\u00fan coste a las arcas municipales\u00bb, al igual que los vuelos internos y estancias, en este caso pagados por instituciones locales, a\u00f1aden. Pisarello cobr\u00f3 dietas durante los diez primeros d\u00edas de viaje, en Buenos Aires y Montevideo. Para rebatir las cr\u00edticas, desde el Ayuntamiento se resalta que Pisarello destina parte de sus vacaciones a actividad oficial.<br \/>\nVia: <a href=\"https:\/\/www.abc.es\/espana\/catalunya\/abci-numero-colau-hace-viaje-oficial-argentina-natal-201808232108_noticia.html\" target=\"_blank\">El n\u00famero dos de Colau hace un viaje \u00aboficial\u00bb de un mes a su Argentina natal<\/a><\/p>\n","protected":false},"excerpt":{"rendered":"<p>Un viaje \u00aboficial\u00bb de casi un mes de duraci\u00f3n. Gerardo Pisarello, primer teniente de alcalde del Ayuntamiento de Barcelona, est\u00e1 aprovechando la menor actividad del verano para realizar un viaje de casi un mes de duraci\u00f3n \u2013del 2 al 30 de agosto\u2013 a Uruguay y a su Argentina natal, un [&hellip;]<\/p>\n","protected":false},"author":2,"featured_media":55394,"comment_status":"open","ping_status":"closed","sticky":false,"template":"","format":"standard","meta":{"footnotes":""},"categories":[6],"tags":[],"class_list":["post-55393","post","type-post","status-publish","format-standard","has-post-thumbnail","hentry","category-spanish"],"_links":{"self":[{"href":"https:\/\/theworldwidejournal.com\/index.php?rest_route=\/wp\/v2\/posts\/55393","targetHints":{"allow":["GET"]}}],"collection":[{"href":"https:\/\/theworldwidejournal.com\/index.php?rest_route=\/wp\/v2\/posts"}],"about":[{"href":"https:\/\/theworldwidejournal.com\/index.php?rest_route=\/wp\/v2\/types\/post"}],"author":[{"embeddable":true,"href":"https:\/\/theworldwidejournal.com\/index.php?rest_route=\/wp\/v2\/users\/2"}],"replies":[{"embeddable":true,"href":"https:\/\/theworldwidejournal.com\/index.php?rest_route=%2Fwp%2Fv2%2Fcomments&post=55393"}],"version-history":[{"count":0,"href":"https:\/\/theworldwidejournal.com\/index.php?rest_route=\/wp\/v2\/posts\/55393\/revisions"}],"wp:featuredmedia":[{"embeddable":true,"href":"https:\/\/theworldwidejournal.com\/index.php?rest_route=\/wp\/v2\/media\/55394"}],"wp:attachment":[{"href":"https:\/\/theworldwidejournal.com\/index.php?rest_route=%2Fwp%2Fv2%2Fmedia&parent=55393"}],"wp:term":[{"taxonomy":"category","embeddable":true,"href":"https:\/\/theworldwidejournal.com\/index.php?rest_route=%2Fwp%2Fv2%2Fcategories&post=55393"},{"taxonomy":"post_tag","embeddable":true,"href":"https:\/\/theworldwidejournal.com\/index.php?rest_route=%2Fwp%2Fv2%2Ftags&post=55393"}],"curies":[{"name":"wp","href":"https:\/\/api.w.org\/{rel}","templated":true}]}}