{"id":55460,"date":"1970-01-01T01:00:00","date_gmt":"1970-01-01T00:00:00","guid":{"rendered":"https:\/\/theworldwidejournal.com\/1970\/01\/01\/sanchez-ordena-la-exhumacion-de-franco-antes-de-final-de-ano-para-dignificar-la-democracia\/"},"modified":"1970-01-01T01:00:00","modified_gmt":"1970-01-01T00:00:00","slug":"sanchez-ordena-la-exhumacion-de-franco-antes-de-final-de-ano-para-dignificar-la-democracia","status":"publish","type":"post","link":"https:\/\/theworldwidejournal.com\/?p=55460","title":{"rendered":"S\u00e1nchez ordena la exhumaci\u00f3n de Franco antes de final de a\u00f1o para \u00abdignificar la democracia\u00bb"},"content":{"rendered":"<p>El Gobierno de Pedro S\u00e1nchez ha ordenado este viernes iniciar el procedimiento urgente para exhumar los restos de Francisco Franco del Valle de los Ca\u00eddos, que pretende culminar antes de final de a\u00f1o. Para ello, el Consejo de Ministros ha aprobado la reforma de la ley de Memoria Hist\u00f3rica, que ser\u00e1 convalidada por el Congreso antes de 30 d\u00edas. La familia tendr\u00e1 15 d\u00edas de plazo para asumir los restos y, en caso de negarse o no contestar el requerimiento, ser\u00e1 el propio Ejecutivo el que decida el lugar \u00abdigno y respetuoso\u00bb donde ser\u00e1n trasladados con el debido \u00abdecoro\u00bb. El retoque legal ideado por el Gobierno con la intenci\u00f3n de evitar recursos jur\u00eddicos de la familia Franco consiste en a\u00f1adir un tercer p\u00e1rrafo al art\u00edculo 16 de la Ley de 2007 de memoria hist\u00f3rica, aprobada por Jos\u00e9 Luis Rodr\u00edguez Zapatero. Se dispone lo siguiente: \u00abEn el Valle de los Ca\u00eddos s\u00f3lo podr\u00e1n yacer los restos mortales de personas fallecidas a consecuencia de la guerra civil espa\u00f1ola, como lugar de conmemoraci\u00f3n, recuerdo y homenaje a las v\u00edctimas de la contienda\u00bb. El Gobierno argumenta que la presencia en el recinto de los restos mortales de Franco \u00abdificulta\u00bb el cumplimiento de lo estipulado ya en la ley, de no exaltaci\u00f3n del franquismo, y considera imposible rendir homenaje a las v\u00edctimas estando enterradas junto a su verdugo. Por el mismo argumento, el Ejecutivo socialista se abstiene de momento de desenterrar al fundador de La Falange, Jos\u00e9 Antonio Premo de Rivera, ya que fue \u00abv\u00edctima de la contienda\u00bb. Sin embargo, deja abierta esa posibilidad en la futura tramitaci\u00f3n que los grupos parlamentarios hagan de la ley de memoria hist\u00f3rica. La vicepresidenta, Carmen Calvo, ha asegurado que la salida del dictador del Valle de los Ca\u00eddos, donde est\u00e1n enterradas v\u00edctimas de ambos bandos de la guerra civil, es necesaria para \u00abdignificar la democracia\u00bb y se ha apoyado en los reiterados mandatos del Congreso de los Diputados, el \u00faltimo de ellos, a trav\u00e9s de una propuesta socialista aprobada en mayo de 2017 sin oposici\u00f3n pol\u00edtica. La n\u00famero dos del Ejecutivo ha criticado que PP y Ciudadanos pongan ahora objeciones \u00abformales\u00bb a la exhumaci\u00f3n, decretada por v\u00eda urgente. \u00abSobre la urgencia de la exhumaci\u00f3n quien no quiera verlo no lo ve. Todo los dem\u00e1s son vueltas formales para parapetarse en sus \u00faltimas convicciones sobre el asunto. \u00bfCu\u00e1ndo si no? \u00bfCu\u00e1ndo en este pa\u00eds va a dejar de eterno los restos mortales del dictador para su enaltecimiento junto al resto de las v\u00edctimas?\u00bb, ha afirmado Calvo en la rueda de prensa posterior al Consejo de Ministros. \u00abVamos tarde, Nosotros tambi\u00e9n. Pero este gobierno presidido por Pedro S\u00e1nchez ya no va a ir tarde\u00bb, ha reconocido ante la pregunta de por qu\u00e9 el Gobierno de S\u00e1nchez acomete esta acci\u00f3n despu\u00e9s de que los anteriores gabinetes socialistas la desestimaran por conflicto de competencia. El Ejecutivo est\u00e1 convencido que, a pesar del rechazo de la familia Franco a mover los restos de su abuelo, la Iglesia -como custodio de la bas\u00edlica- no se opondr\u00e1. \u00abNos vamos a mover donde se tiene que mover un Gobierno, en el respeto de los acuerdos con la Iglesia Cat\u00f3lica, de los acuerdos con la Santa Sede\u00bb, ha recalcado negando que la reforma de la ley de memoria hist\u00f3rica entre en colisi\u00f3n con estos. En todo caso, ha precisado que el Estado tiene \u00abmecanismos\u00bb para hacer cumplir la ley. Un a\u00f1o de caducidad El decreto ley aprobado hoy por el Consejo de Ministros entrar\u00e1 en vigor 24 horas despu\u00e9s de su publicaci\u00f3n. El pr\u00f3ximo viernes 31 el Gobierno acordar\u00e1 el procedimiento administrativo para iniciar la orden de exhumaci\u00f3n, por el que se otorgan 15 dais de plazo a la familia para que se haga cargo de los restos. \u00abLa familia podr\u00e1 ser escuchada\u00bb, ha afirmado Calvo, que ha reconocido tener constancia de su oposici\u00f3n al traslado a trav\u00e9s de los benedictinos de la bas\u00edlica. Si los Franco no se hacen cargo de los restos de Franco, ser\u00e1 el Gobierno socialista el que decrete el lugar de inhumaci\u00f3n, para lo cual podr\u00e1 resignar el correspondiente t\u00edtulo de derecho funerario al ayuntamiento en el que vaya a efectuarse el traslado, que se producir\u00e1 con \u00abdecoro\u00bb. El Ejecutivo se ha dado un plazo m\u00e1ximo de un a\u00f1o para cumplir con todo el procedimiento, que ha despertado una gran expectaci\u00f3n en el Palacio de La Moncloa, abarrotada de prensa nacional e internacional. El Gobierno defiende esta medida porque considera \u00abcompletamente inasumible para una democracia madura\u00bb como la espa\u00f1ola que exista \u00abun monumento al dictador\u00bb donde convive con sus v\u00edctimas. El Ejecutivo no acometer\u00e1 de momento el traslado de los restos del fundador de La Falange, Jos\u00e9 Antonio Primo de Rivera, toda vez que \u00e9l tambi\u00e9n fue \u00abv\u00edctima\u00bb de la contienda, si bien no ha descartado recolocarle m\u00e1s adelante en un lugar no preeminente de la Bas\u00edlica.<br \/>\nVia: <a href=\"https:\/\/www.abc.es\/espana\/abci-gobierno-dara-15-dias-franco-para-trasladar-cuerpo-201808241327_noticia.html\" target=\"_blank\">S\u00e1nchez ordena la exhumaci\u00f3n de Franco antes de final de a\u00f1o para \u00abdignificar la democracia\u00bb<\/a><\/p>\n","protected":false},"excerpt":{"rendered":"<p>El Gobierno de Pedro S\u00e1nchez ha ordenado este viernes iniciar el procedimiento urgente para exhumar los restos de Francisco Franco del Valle de los Ca\u00eddos, que pretende culminar antes de final de a\u00f1o. Para ello, el Consejo de Ministros ha aprobado la reforma de la ley de Memoria Hist\u00f3rica, que [&hellip;]<\/p>\n","protected":false},"author":2,"featured_media":55461,"comment_status":"open","ping_status":"closed","sticky":false,"template":"","format":"standard","meta":{"footnotes":""},"categories":[6],"tags":[],"class_list":["post-55460","post","type-post","status-publish","format-standard","has-post-thumbnail","hentry","category-spanish"],"_links":{"self":[{"href":"https:\/\/theworldwidejournal.com\/index.php?rest_route=\/wp\/v2\/posts\/55460","targetHints":{"allow":["GET"]}}],"collection":[{"href":"https:\/\/theworldwidejournal.com\/index.php?rest_route=\/wp\/v2\/posts"}],"about":[{"href":"https:\/\/theworldwidejournal.com\/index.php?rest_route=\/wp\/v2\/types\/post"}],"author":[{"embeddable":true,"href":"https:\/\/theworldwidejournal.com\/index.php?rest_route=\/wp\/v2\/users\/2"}],"replies":[{"embeddable":true,"href":"https:\/\/theworldwidejournal.com\/index.php?rest_route=%2Fwp%2Fv2%2Fcomments&post=55460"}],"version-history":[{"count":0,"href":"https:\/\/theworldwidejournal.com\/index.php?rest_route=\/wp\/v2\/posts\/55460\/revisions"}],"wp:featuredmedia":[{"embeddable":true,"href":"https:\/\/theworldwidejournal.com\/index.php?rest_route=\/wp\/v2\/media\/55461"}],"wp:attachment":[{"href":"https:\/\/theworldwidejournal.com\/index.php?rest_route=%2Fwp%2Fv2%2Fmedia&parent=55460"}],"wp:term":[{"taxonomy":"category","embeddable":true,"href":"https:\/\/theworldwidejournal.com\/index.php?rest_route=%2Fwp%2Fv2%2Fcategories&post=55460"},{"taxonomy":"post_tag","embeddable":true,"href":"https:\/\/theworldwidejournal.com\/index.php?rest_route=%2Fwp%2Fv2%2Ftags&post=55460"}],"curies":[{"name":"wp","href":"https:\/\/api.w.org\/{rel}","templated":true}]}}