{"id":55462,"date":"1970-01-01T01:00:00","date_gmt":"1970-01-01T00:00:00","guid":{"rendered":"https:\/\/theworldwidejournal.com\/1970\/01\/01\/el-gobierno-evita-dar-apoyo-publico-a-llarena-ante-el-cerco-de-los-independentistas\/"},"modified":"1970-01-01T01:00:00","modified_gmt":"1970-01-01T00:00:00","slug":"el-gobierno-evita-dar-apoyo-publico-a-llarena-ante-el-cerco-de-los-independentistas","status":"publish","type":"post","link":"https:\/\/theworldwidejournal.com\/?p=55462","title":{"rendered":"El Gobierno evita dar apoyo p\u00fablico a Llarena ante el cerco de los independentistas"},"content":{"rendered":"<p>La vicepresidenta del Gobierno, Carmen Calvo, ha evitado hoy dar el apoyo expreso del Ejecutivo socialista al juez que instruye el proc\u00e9s, Pablo Llarena, ante la demanda presentada por Carles Puigdemont y cuatro de sus exconsejeros en B\u00e9lgica. La n\u00famero dos de Pedro S\u00e1nchez en La Moncloa ha alegado que el amparo legal y el apoyo al magistrado le corresponde al poder judicial y que el Ejecutivo se limitar\u00e1 a defender la soberan\u00eda de la jurisdicci\u00f3n espa\u00f1ola. Calvo ha respondido as\u00ed a pregunta de este diario en la rueda de prensa posterior al Consejo de Ministros. Los dirigentes independentistas han trazado una campa\u00f1a de desprestigio contra Llarena y han emprendido acciones legales en B\u00e9lgica acus\u00e1ndole de no ser imparcial en la instrucci\u00f3n de la causa por rebeli\u00f3n y malversaci\u00f3n por el golpe separatista en Catalu\u00f1a. Un juez belga ha citado a declarar a las partes el pr\u00f3ximo 4 de septiembre. La vicepresidenta ha rehu\u00eddo dar un respaldo p\u00fablico al magistrado en su labor ante el separatismo y ha asegurado que el Gobierno no debe inmiscuirse. \u00abCualquier juez o jueza de nuestro pa\u00eds tiene que recibir el amparo legal y el apoyo establecido en el \u00e1mbito de su propio poder, en este caso, el Judicial. Al poder Ejecutivo no le corresponde esa funci\u00f3n\u00bb. Sin embargo, ha precisado que si la demanda es admitida a tr\u00e1mite, el Gobierno, a trav\u00e9s del Ministerio de Justicia, tiene la obligaci\u00f3n de \u00abdefender la soberan\u00eda jurisdiccional de Espa\u00f1a\u00bb. \u00abEso s\u00ed le corresponde al Gobierno de Espa\u00f1a y eso s\u00ed lo va a hacer el Gobierno de Espa\u00f1a a trav\u00e9s del Ministerio de Justicia\u00bb, ha se\u00f1alado. El Consejo General del Poder Judicial (CGPJ) dio su amparo la semana pasada al juez Llarena y reclam\u00f3 al Gobierno que interceda por \u00e9l. Ayer, el Ministerio de Justicia anunci\u00f3 que contratar\u00e1 un bufete privado de abogados que defienda \u00abla soberan\u00eda e inmunidad jurisdiccional\u00bb de Espa\u00f1a en el procedimiento abierto en B\u00e9lgica contra Llarena si el tribunal belga cuestiona la causa abierta por el \u00abproc\u00e9s\u00bb que instruye este juez.<br \/>\nVia: <a href=\"https:\/\/www.abc.es\/espana\/abci-gobierno-alega-defensa-demanda-contra-juez-llarena-corresponde-poder-judicial-201808241438_noticia.html\" target=\"_blank\">El Gobierno evita dar apoyo p\u00fablico a Llarena ante el cerco de los independentistas<\/a><\/p>\n","protected":false},"excerpt":{"rendered":"<p>La vicepresidenta del Gobierno, Carmen Calvo, ha evitado hoy dar el apoyo expreso del Ejecutivo socialista al juez que instruye el proc\u00e9s, Pablo Llarena, ante la demanda presentada por Carles Puigdemont y cuatro de sus exconsejeros en B\u00e9lgica. La n\u00famero dos de Pedro S\u00e1nchez en La Moncloa ha alegado que [&hellip;]<\/p>\n","protected":false},"author":2,"featured_media":55463,"comment_status":"open","ping_status":"closed","sticky":false,"template":"","format":"standard","meta":{"footnotes":""},"categories":[6],"tags":[],"class_list":["post-55462","post","type-post","status-publish","format-standard","has-post-thumbnail","hentry","category-spanish"],"_links":{"self":[{"href":"https:\/\/theworldwidejournal.com\/index.php?rest_route=\/wp\/v2\/posts\/55462","targetHints":{"allow":["GET"]}}],"collection":[{"href":"https:\/\/theworldwidejournal.com\/index.php?rest_route=\/wp\/v2\/posts"}],"about":[{"href":"https:\/\/theworldwidejournal.com\/index.php?rest_route=\/wp\/v2\/types\/post"}],"author":[{"embeddable":true,"href":"https:\/\/theworldwidejournal.com\/index.php?rest_route=\/wp\/v2\/users\/2"}],"replies":[{"embeddable":true,"href":"https:\/\/theworldwidejournal.com\/index.php?rest_route=%2Fwp%2Fv2%2Fcomments&post=55462"}],"version-history":[{"count":0,"href":"https:\/\/theworldwidejournal.com\/index.php?rest_route=\/wp\/v2\/posts\/55462\/revisions"}],"wp:featuredmedia":[{"embeddable":true,"href":"https:\/\/theworldwidejournal.com\/index.php?rest_route=\/wp\/v2\/media\/55463"}],"wp:attachment":[{"href":"https:\/\/theworldwidejournal.com\/index.php?rest_route=%2Fwp%2Fv2%2Fmedia&parent=55462"}],"wp:term":[{"taxonomy":"category","embeddable":true,"href":"https:\/\/theworldwidejournal.com\/index.php?rest_route=%2Fwp%2Fv2%2Fcategories&post=55462"},{"taxonomy":"post_tag","embeddable":true,"href":"https:\/\/theworldwidejournal.com\/index.php?rest_route=%2Fwp%2Fv2%2Ftags&post=55462"}],"curies":[{"name":"wp","href":"https:\/\/api.w.org\/{rel}","templated":true}]}}