{"id":55533,"date":"1970-01-01T01:00:00","date_gmt":"1970-01-01T00:00:00","guid":{"rendered":"https:\/\/theworldwidejournal.com\/1970\/01\/01\/el-alcalde-de-guadalajara-que-enterro-a-franco\/"},"modified":"1970-01-01T01:00:00","modified_gmt":"1970-01-01T00:00:00","slug":"el-alcalde-de-guadalajara-que-enterro-a-franco","status":"publish","type":"post","link":"https:\/\/theworldwidejournal.com\/?p=55533","title":{"rendered":"El alcalde de Guadalajara que enterr\u00f3 a Franco"},"content":{"rendered":"<p>Con apenas 30 a\u00f1os, a Gabino Ab\u00e1nades (Guadalajara, 1946) le lleg\u00f3 quiz\u00e1 el mayor encargo de su vida laboral. En 1975 este funcionario del servicio funerario en el Ayuntamiento de Madrid fue el que dirigi\u00f3 la inhumaci\u00f3n de Francisco Franco, un momento que, seg\u00fan dice, tiene guardado perfectamente en su \u00abdisco duro\u00bb. Ahora, con 72 a\u00f1os, este guadalajare\u00f1o originario de Canales del Ducado es el alcalde de Sacecorbo, un municipio de un centenar de habitantes de la comarca de Molina en el que el edil, del Partido Popular, gobierna desde hace seis a\u00f1os. Ab\u00e1nades recuerda para ABC c\u00f3mo fueron esos d\u00edas tan intensos en los que se dio sepultura a Francisco Franco: \u00abPor aquel entonces yo era el encargado de los cementerios municipales. Llamaron al Ayuntamiento de Madrid un d\u00eda antes del entierro para que prepar\u00e1ramos una cuadrilla y, a las 9 de la ma\u00f1ana, nos recogi\u00f3 un coche, con el que hicimos cuatro viajes al Valle de los Ca\u00eddos para calcular el tiempo que se tardaba en llegar desde la recogida del f\u00e9retro hasta la cripta de la bas\u00edlica\u00bb. Este es el lugar donde reposa el cuerpo embalsamado de Franco, bajo una l\u00e1pida de m\u00e1rmol de 2,30 metros de largo por un metro de ancho, con un peso de una tonelada y media, al lado de Jos\u00e9 Antonio Primo de Rivera, fundador de Falange Espa\u00f1ola. Unas tumbas que no han parado de recibir visitas tanto de turistas como de nost\u00e1lgicos del franquismo, a ra\u00edz de la decisi\u00f3n del Gobierno de Espa\u00f1a presidido por Pedro S\u00e1nchez de exhumar los restos del dictador, que previsiblemente se va a aprobar mediante un decreto ley en el Consejo de Ministros de este viernes. \u00abSe mont\u00f3 un protocolo y nosotros s\u00f3lo hicimos lo que nos dec\u00edan, porque al final quienes se encargaron de todo fueron los militares y el personal del palacio del Pardo\u00bb, reconoce Ab\u00e1nades. Cuenta tambi\u00e9n que el f\u00e9retro fue trasladado por un cami\u00f3n militar hasta la bas\u00edlica seguido por miles de personas apostadas a ambos lados de la carretera que dirige al Valle de los Ca\u00eddos. Los trabajadores de la funeraria del Ayuntamiento de Madrid s\u00ed que se encargaron del descenso y la colocaci\u00f3n de la caja mortuoria dentro de la sepultura que hab\u00edan excavado los trabajadores de Patrimonio Nacional. Estos empleados fueron los que luego corrieron la pesada l\u00e1pida de m\u00e1rmol. Fotograf\u00eda actual de Gabino Ab\u00e1nades, alcalde de Sacecorbo (Guadalajara) El entonces encargado municipal de los cementerios de Madrid recuerda tambi\u00e9n que en 1988, cuando falleci\u00f3 Carmen Polo, esposa de Francisco Franco, fue el encargado de llevar el t\u00edtulo de derecho funerario a su hija, Mar\u00eda del Carmen Franco y Polo. Ab\u00e1nades dice que en ese momento le reconoci\u00f3 que la familia no quer\u00eda que su padre fuera enterrado en el Valle de los Ca\u00eddos, sino en el cementerio de El Pardo Mingorrubio -donde se encuentra su madre-, pero fue una decisi\u00f3n del Gobierno y ellos la aceptaron. No mezclar exhumaci\u00f3n y memoria hist\u00f3rica Preguntado por la decisi\u00f3n del Gobierno de Pedro S\u00e1nchez, el alcalde de Sacecorbo asegura que no le gusta opinar. No osbtante, el edil del PP afirma: \u00abNo me parece normal que mezclen la exhumaci\u00f3n con la memoria hist\u00f3rica, ya que \u00e9sta se encarga de recordar lo que sucedi\u00f3 en ambos bandos durante la guerra civil espa\u00f1ola, mientras que Franco falleci\u00f3 en la cama de un hospital 38 a\u00f1os despu\u00e9s. Si yo estuviera en el lugar del Gobierno de Espa\u00f1a, hablar\u00eda lo primero con los familiares de Franco, que habr\u00edan accedido sin problema y ahora no se negar\u00edan\u00bb. Eso s\u00ed, a Ab\u00e1nades le parece \u00abbien y humano\u00bb que se desentierre a todas las personas que hay en las cunetas, pero \u00abno empecemos a desenterrar o hacer la prueba del ADN a los que est\u00e1n en el Valle de los Ca\u00eddos o en el cementerio de Paracuellos\u00bb. De hecho, destaca que en su localidad no existe ninguna calle dedicada al franquismo ni a la guerra civil espa\u00f1ola, en cumplimiento con la Ley de Memoria Hist\u00f3rica. Sobre si es correcto que el dictador est\u00e9 enterrado en el Valle de los Ca\u00eddos, Ab\u00e1nades tampoco da su opini\u00f3n, se limita a respetar la decisi\u00f3n del Gobierno de entonces. \u00abAhora estamos en una \u00e9poca de democracia y deber\u00edamos respetar la historia, es decir, lo que ha pasado, bien o mal hecho\u00bb, indica el regidor sacecorbe\u00f1o. Aun as\u00ed, reconoce que no tendr\u00eda ning\u00fan inconveniente en asesorar y participar en la exhumaci\u00f3n de Franco, \u00abya que el Gobierno es el que decide lo que se debe hacer\u00bb. Adem\u00e1s, el exencargado de los cementerios de Madrid conoce c\u00f3mo est\u00e1 el enterramiento. \u00abS\u00e9 que los restos est\u00e1n en muy buen estado por dos razones: porque el lugar donde est\u00e1 enterrado tiene muy pocos cambios de temperatura tanto en verano como en invierno y, por otro lado, porque el cuerpo est\u00e1 embalsamado\u00bb. Ab\u00e1nades concluye su charla con ABC con una afirmaci\u00f3n categ\u00f3rica: \u00abA Franco le toc\u00f3 en su momento, como le podr\u00eda haber tocado a otro, poner orden en Espa\u00f1a. Hemos tenido bastantes a\u00f1os de tranquilidad, y m\u00e1s a\u00fan durante la democracia. Sin embargo, ahora estamos dando la vuelta otra vez, ya que las cosas no est\u00e1n igual que durante la Transici\u00f3n. Esto lo ve cualquier espa\u00f1ol al que le guste pensar un poco\u00bb.<br \/>\nVia: <a href=\"https:\/\/www.abc.es\/espana\/castilla-la-mancha\/abci-alcalde-guadalajara-enterro-franco-201808250236_noticia.html\" target=\"_blank\">El alcalde de Guadalajara que enterr\u00f3 a Franco<\/a><\/p>\n","protected":false},"excerpt":{"rendered":"<p>Con apenas 30 a\u00f1os, a Gabino Ab\u00e1nades (Guadalajara, 1946) le lleg\u00f3 quiz\u00e1 el mayor encargo de su vida laboral. En 1975 este funcionario del servicio funerario en el Ayuntamiento de Madrid fue el que dirigi\u00f3 la inhumaci\u00f3n de Francisco Franco, un momento que, seg\u00fan dice, tiene guardado perfectamente en su [&hellip;]<\/p>\n","protected":false},"author":2,"featured_media":55534,"comment_status":"open","ping_status":"closed","sticky":false,"template":"","format":"standard","meta":{"footnotes":""},"categories":[6],"tags":[],"class_list":["post-55533","post","type-post","status-publish","format-standard","has-post-thumbnail","hentry","category-spanish"],"_links":{"self":[{"href":"https:\/\/theworldwidejournal.com\/index.php?rest_route=\/wp\/v2\/posts\/55533","targetHints":{"allow":["GET"]}}],"collection":[{"href":"https:\/\/theworldwidejournal.com\/index.php?rest_route=\/wp\/v2\/posts"}],"about":[{"href":"https:\/\/theworldwidejournal.com\/index.php?rest_route=\/wp\/v2\/types\/post"}],"author":[{"embeddable":true,"href":"https:\/\/theworldwidejournal.com\/index.php?rest_route=\/wp\/v2\/users\/2"}],"replies":[{"embeddable":true,"href":"https:\/\/theworldwidejournal.com\/index.php?rest_route=%2Fwp%2Fv2%2Fcomments&post=55533"}],"version-history":[{"count":0,"href":"https:\/\/theworldwidejournal.com\/index.php?rest_route=\/wp\/v2\/posts\/55533\/revisions"}],"wp:featuredmedia":[{"embeddable":true,"href":"https:\/\/theworldwidejournal.com\/index.php?rest_route=\/wp\/v2\/media\/55534"}],"wp:attachment":[{"href":"https:\/\/theworldwidejournal.com\/index.php?rest_route=%2Fwp%2Fv2%2Fmedia&parent=55533"}],"wp:term":[{"taxonomy":"category","embeddable":true,"href":"https:\/\/theworldwidejournal.com\/index.php?rest_route=%2Fwp%2Fv2%2Fcategories&post=55533"},{"taxonomy":"post_tag","embeddable":true,"href":"https:\/\/theworldwidejournal.com\/index.php?rest_route=%2Fwp%2Fv2%2Ftags&post=55533"}],"curies":[{"name":"wp","href":"https:\/\/api.w.org\/{rel}","templated":true}]}}