{"id":55537,"date":"1970-01-01T01:00:00","date_gmt":"1970-01-01T00:00:00","guid":{"rendered":"https:\/\/theworldwidejournal.com\/1970\/01\/01\/el-gobierno-nombra-ocho-embajadores-pero-no-anuncia-quien-ira-a-bruselas\/"},"modified":"1970-01-01T01:00:00","modified_gmt":"1970-01-01T00:00:00","slug":"el-gobierno-nombra-ocho-embajadores-pero-no-anuncia-quien-ira-a-bruselas","status":"publish","type":"post","link":"https:\/\/theworldwidejournal.com\/?p=55537","title":{"rendered":"El Gobierno nombra ocho embajadores pero no anuncia qui\u00e9n ir\u00e1 a Bruselas"},"content":{"rendered":"<p>El Consejo de Ministros acord\u00f3 ayer el nombramiento de ocho nuevos embajadores, cuatro hombres y cuatro mujeres: Cabo Verde, Camer\u00fan, M\u00e9xico, Namibia, Nicaragua, Pa\u00edses Bajos, Portugal y Sud\u00e1n. La vicepresidenta del Gobierno, Carmen Calvo, destac\u00f3 tras el Consejo de Ministros la paridad que late en estos nombramientos, un compromiso del Gobierno con Podemos para priorizar el incremento de mujeres como criterio en la selecci\u00f3n de los responsables de las relaciones exteriores. Sin embargo, en su comparecencia Calvo no hizo referencia al futuro de la Embajada en Bruselas, a pesar de que Cecilia Yuste, que se encuentra actualmente de vacaciones, cesar\u00e1 despu\u00e9s de la pausa estival. La embajadora de Espa\u00f1a en el pa\u00eds belga pidi\u00f3 una excedencia de la carrera diplom\u00e1tica para incorporarse el pr\u00f3ximo mes de septiembre al Banco Santander como directora de Relaciones Institucionales, seg\u00fan confirmaron fuentes cercanas al proceso en la entidad bancaria. La decisi\u00f3n del cese la habr\u00eda tomado la diplom\u00e1tica antes de producirse el cambio de gobierno, y todo apunta a que la embajada la asumir\u00e1 Beatriz Larrotcha, reci\u00e9n cesada como subsecretaria de Exteriores, seg\u00fan confirma EP. A preguntas de este diario la Oficina de Informaci\u00f3n Diplom\u00e1tica (OID) no quiso pronunciarse sobre la situaci\u00f3n de interinidad de la embajada en Bruselas, y rehusaron pronunciarse hasta que no se produzca la publicaci\u00f3n institucional del cese de la diplom\u00e1tica. En este sentido, insistieron en que la embajadora contin\u00faa al frente de la representaci\u00f3n espa\u00f1ola en B\u00e9lgica. El proceso de cese, seg\u00fan explicaron las mismas fuentes, debe ser enviado y aceptada al pa\u00eds de representaci\u00f3n, en este caso B\u00e9lgica. A partir de ah\u00ed, el nuevo embajador debe ser nombrado en Consejo de Ministros. Los ocho embajadores La nueva embajadora en Cabo Verde ser\u00e1 Dolores R\u00edos; Ram\u00f3n Mar\u00eda Moreno, en Camer\u00fan. Juan L\u00f3pez-Doriga, embajador en T\u00fanez hasta el pasado mes de julio, ser\u00e1 destinado en M\u00e9xico; Javier Romera, en Namibia. La diplom\u00e1tica Mar\u00eda del Mar Fern\u00e1ndez-Palacios, en Nicaragua; Mar\u00eda Jes\u00fas Alonso, en Pa\u00edses Bajos; Marta Betanzos, en Portugal; y Alberto Jos\u00e9 Ucelay, en Sud\u00e1n. El nuevo embajador en M\u00e9xico es licenciado en Derecho por la Universidad Complutense de Madrid (UCM), y diplom\u00e1tico desde 1986. Fue director adjunto del Gabinete del subsecretario y subdirector general adjunto de Personal del Ministerio de Asuntos Exteriores. Con posterioridad, c\u00f3nsul de Espa\u00f1a en Par\u00eds. A partir de 1999, desempe\u00f1a una serie de puestos relacionados con Am\u00e9rica Latina y la Cooperaci\u00f3n al Desarrollo y ha sido secretario de la Fundaci\u00f3n Consejo Espa\u00f1a- EEUU. Hasta julio de 2018, ha sido embajador en T\u00fanez, informa Efe. La embajada en Portugal queda a cargo de la diplom\u00e1tica Marta Betanzos Roig, que es Licenciada en Derecho y Diplomada en Psicolog\u00eda por la UCM, y diplom\u00e1tica desde 1986, si bien antes ya trabajaba en la Secretar\u00eda de Relaciones Internacionales de la CEOE. Betanzos abri\u00f3 la embajada espa\u00f1ola en Mali y ha sido embajadora Representante Permanente ante la OSCE. Adem\u00e1s, ha ocupado diversos puestos en Pek\u00edn, Tr\u00edpoli y la Representaci\u00f3n Permanente ante la ONU. Tambi\u00e9n ha sido subdirectora general adjunta para Asuntos de Justicia e Interior en Exteriores y subdirectora general de Cooperaci\u00f3n Jur\u00eddica Internacional en el Ministerio de Justicia, adem\u00e1s de asesora para la OSCE y el Consejo de Europa. La nueva embajadora de Espa\u00f1a en los Pa\u00edses Bajos, Mar\u00eda Jes\u00fas Alonso, es licenciada en Derecho por la Universidad de Barcelona e ingres\u00f3 en la carrera diplom\u00e1tica en 1983. Ha sido embajadora de Espa\u00f1a en la Rep\u00fablica de Camer\u00fan (2005-2008) y en la Rep\u00fablica de Ghana (2014-2017) y desde septiembre de 2017 era vocal asesora en el Gabinete de la Subsecretaria del Ministerio de Asuntos Exteriores, Uni\u00f3n Europea y Cooperaci\u00f3n.<br \/>\nVia: <a href=\"https:\/\/www.abc.es\/espana\/abci-gobierno-nombra-ocho-embajadores-pero-no-anuncia-quien-bruselas-201808250220_noticia.html\" target=\"_blank\">El Gobierno nombra ocho embajadores pero no anuncia qui\u00e9n ir\u00e1 a Bruselas<\/a><\/p>\n","protected":false},"excerpt":{"rendered":"<p>El Consejo de Ministros acord\u00f3 ayer el nombramiento de ocho nuevos embajadores, cuatro hombres y cuatro mujeres: Cabo Verde, Camer\u00fan, M\u00e9xico, Namibia, Nicaragua, Pa\u00edses Bajos, Portugal y Sud\u00e1n. La vicepresidenta del Gobierno, Carmen Calvo, destac\u00f3 tras el Consejo de Ministros la paridad que late en estos nombramientos, un compromiso del [&hellip;]<\/p>\n","protected":false},"author":2,"featured_media":55538,"comment_status":"open","ping_status":"closed","sticky":false,"template":"","format":"standard","meta":{"footnotes":""},"categories":[6],"tags":[],"class_list":["post-55537","post","type-post","status-publish","format-standard","has-post-thumbnail","hentry","category-spanish"],"_links":{"self":[{"href":"https:\/\/theworldwidejournal.com\/index.php?rest_route=\/wp\/v2\/posts\/55537","targetHints":{"allow":["GET"]}}],"collection":[{"href":"https:\/\/theworldwidejournal.com\/index.php?rest_route=\/wp\/v2\/posts"}],"about":[{"href":"https:\/\/theworldwidejournal.com\/index.php?rest_route=\/wp\/v2\/types\/post"}],"author":[{"embeddable":true,"href":"https:\/\/theworldwidejournal.com\/index.php?rest_route=\/wp\/v2\/users\/2"}],"replies":[{"embeddable":true,"href":"https:\/\/theworldwidejournal.com\/index.php?rest_route=%2Fwp%2Fv2%2Fcomments&post=55537"}],"version-history":[{"count":0,"href":"https:\/\/theworldwidejournal.com\/index.php?rest_route=\/wp\/v2\/posts\/55537\/revisions"}],"wp:featuredmedia":[{"embeddable":true,"href":"https:\/\/theworldwidejournal.com\/index.php?rest_route=\/wp\/v2\/media\/55538"}],"wp:attachment":[{"href":"https:\/\/theworldwidejournal.com\/index.php?rest_route=%2Fwp%2Fv2%2Fmedia&parent=55537"}],"wp:term":[{"taxonomy":"category","embeddable":true,"href":"https:\/\/theworldwidejournal.com\/index.php?rest_route=%2Fwp%2Fv2%2Fcategories&post=55537"},{"taxonomy":"post_tag","embeddable":true,"href":"https:\/\/theworldwidejournal.com\/index.php?rest_route=%2Fwp%2Fv2%2Ftags&post=55537"}],"curies":[{"name":"wp","href":"https:\/\/api.w.org\/{rel}","templated":true}]}}