{"id":55539,"date":"1970-01-01T01:00:00","date_gmt":"1970-01-01T00:00:00","guid":{"rendered":"https:\/\/theworldwidejournal.com\/1970\/01\/01\/baleares-prohibira-la-entrada-de-coches-diesel-a-las-islas-en-2025\/"},"modified":"1970-01-01T01:00:00","modified_gmt":"1970-01-01T00:00:00","slug":"baleares-prohibira-la-entrada-de-coches-diesel-a-las-islas-en-2025","status":"publish","type":"post","link":"https:\/\/theworldwidejournal.com\/?p=55539","title":{"rendered":"Baleares prohibir\u00e1 la entrada de coches di\u00e9sel a las islas en 2025"},"content":{"rendered":"<p>El Gobierno balear, que preside la socialista Francina Armengol, aprob\u00f3 ayer el p royecto de ley de cambio clim\u00e1tico y transici\u00f3n energ\u00e9tica, que recoge una serie de medidas para reducir las emisiones contaminantes de manera progresiva. As\u00ed, por ejemplo, se prohibir\u00e1 la entrada de coches y de motos di\u00e9sel al archipi\u00e9lago a partir de 2025. Con posterioridad, a partir de 2035, dicha prohibici\u00f3n afectar\u00e1 a la entrada de veh\u00edculos con gasolina. En cualquier caso, no estar\u00e1n sujetos a esas limitaciones los autos del parque m\u00f3vil de Baleares matriculados con anterioridad, que podr\u00e1n seguir activos hasta el final de su vida \u00fatil. Coches de alquiler Por lo que respecta a las empresas de \u00abrent a car\u00bb, con gran presencia en las islas, deber\u00e1n incorporar veh\u00edculos el\u00e9ctricos o no contaminantes a partir de 2020, en una proporci\u00f3n que ir\u00e1 del 2 por ciento en ese a\u00f1o al 100 por cien en 2035. En ese contexto, los \u00abrent a car\u00bb deber\u00e1n informar regularmente al Govern, a trav\u00e9s de sucesivos listados, de su n\u00famero total de veh\u00edculos contaminantes y de veh\u00edculos de emisiones cero, que adem\u00e1s llevar\u00e1n pegatinas identificativas. Con todas esas medidas, el Ejecutivo regional prev\u00e9 que en 2050 el 100 por cien de los veh\u00edculos ser\u00e1n el\u00e9ctricos en Baleares. El mencionado proyecto de ley ha sido elaborado por la Consejer\u00eda de Territorio, Energ\u00eda y Movilidad, que dirige el socialista Marc Pons. El consejero destac\u00f3 ayer que la futura ley representar\u00e1 una iniciativa pionera en todo el Estado. Tras la aprobaci\u00f3n inicial realizada esta semana, el siguiente paso ser\u00e1 ahora la tramitaci\u00f3n parlamentaria de este proyecto, que ser\u00e1 validado de manera definitiva en los pr\u00f3ximos meses. Otro de los objetivos destacados de esta nueva ley del Govern ser\u00e1 potenciar el uso de las energ\u00edas renovables. En ese sentido, ser\u00e1 obligatorio instalar placas solares en los grandes aparcamientos y en las nuevas edificaciones de m\u00e1s de 1.000 metros cuadrados. Por otra parte, a partir de 2020 se prev\u00e9 adem\u00e1s el cierre progresivo de las centrales contaminantes, como la central t\u00e9rmica de Es Murterar de Alcudia. Esa medida afectar\u00e1 tambi\u00e9n a las centrales situadas en Menorca, Ibiza y Formentera. Contaminaci\u00f3n de barcos El proyecto de ley prev\u00e9 tambi\u00e9n que los municipios puedan establecer restricciones de circulaci\u00f3n en las \u00e1reas en que se superen los valores l\u00edmite de calidad del aire fijados. Por otro lado, se establecer\u00e1n medidas para reducir la contaminaci\u00f3n de los barcos y se tendr\u00e1n que definir planes de sostenibilidad en relaci\u00f3n a las emisiones ligadas al transporte a\u00e9reo.<br \/>\nVia: <a href=\"https:\/\/www.abc.es\/sociedad\/abci-baleares-prohibira-entrada-coches-diesel-islas-2025-201808250139_noticia.html\" target=\"_blank\">Baleares prohibir\u00e1 la entrada de coches di\u00e9sel a las islas en 2025<\/a><\/p>\n","protected":false},"excerpt":{"rendered":"<p>El Gobierno balear, que preside la socialista Francina Armengol, aprob\u00f3 ayer el p royecto de ley de cambio clim\u00e1tico y transici\u00f3n energ\u00e9tica, que recoge una serie de medidas para reducir las emisiones contaminantes de manera progresiva. As\u00ed, por ejemplo, se prohibir\u00e1 la entrada de coches y de motos di\u00e9sel al [&hellip;]<\/p>\n","protected":false},"author":2,"featured_media":55540,"comment_status":"open","ping_status":"closed","sticky":false,"template":"","format":"standard","meta":{"footnotes":""},"categories":[6],"tags":[],"class_list":["post-55539","post","type-post","status-publish","format-standard","has-post-thumbnail","hentry","category-spanish"],"_links":{"self":[{"href":"https:\/\/theworldwidejournal.com\/index.php?rest_route=\/wp\/v2\/posts\/55539","targetHints":{"allow":["GET"]}}],"collection":[{"href":"https:\/\/theworldwidejournal.com\/index.php?rest_route=\/wp\/v2\/posts"}],"about":[{"href":"https:\/\/theworldwidejournal.com\/index.php?rest_route=\/wp\/v2\/types\/post"}],"author":[{"embeddable":true,"href":"https:\/\/theworldwidejournal.com\/index.php?rest_route=\/wp\/v2\/users\/2"}],"replies":[{"embeddable":true,"href":"https:\/\/theworldwidejournal.com\/index.php?rest_route=%2Fwp%2Fv2%2Fcomments&post=55539"}],"version-history":[{"count":0,"href":"https:\/\/theworldwidejournal.com\/index.php?rest_route=\/wp\/v2\/posts\/55539\/revisions"}],"wp:featuredmedia":[{"embeddable":true,"href":"https:\/\/theworldwidejournal.com\/index.php?rest_route=\/wp\/v2\/media\/55540"}],"wp:attachment":[{"href":"https:\/\/theworldwidejournal.com\/index.php?rest_route=%2Fwp%2Fv2%2Fmedia&parent=55539"}],"wp:term":[{"taxonomy":"category","embeddable":true,"href":"https:\/\/theworldwidejournal.com\/index.php?rest_route=%2Fwp%2Fv2%2Fcategories&post=55539"},{"taxonomy":"post_tag","embeddable":true,"href":"https:\/\/theworldwidejournal.com\/index.php?rest_route=%2Fwp%2Fv2%2Ftags&post=55539"}],"curies":[{"name":"wp","href":"https:\/\/api.w.org\/{rel}","templated":true}]}}