{"id":55674,"date":"1970-01-01T01:00:00","date_gmt":"1970-01-01T00:00:00","guid":{"rendered":"https:\/\/theworldwidejournal.com\/1970\/01\/01\/la-familia-franco-en-ningun-caso-colaboraremos-con-la-exhumacion-del-abuelo\/"},"modified":"1970-01-01T01:00:00","modified_gmt":"1970-01-01T00:00:00","slug":"la-familia-franco-en-ningun-caso-colaboraremos-con-la-exhumacion-del-abuelo","status":"publish","type":"post","link":"https:\/\/theworldwidejournal.com\/?p=55674","title":{"rendered":"La familia Franco: \u00abEn ning\u00fan caso colaboraremos con la exhumaci\u00f3n del abuelo\u00bb"},"content":{"rendered":"<p>La familia Mart\u00ednez-Bordi\u00fa Franco ha enviado un comunicado a los medios de comunicaci\u00f3n asegurando que bajo ning\u00fan concepto colaborar\u00e1n con el Gobierno de Pedro S\u00e1nchez para ejecutar el traslado de los restos de Franco del Valle de los Ca\u00eddos. \u00abReiteramos nuestra m\u00e1s firme y un\u00e1nime oposici\u00f3n a cualquier exhumaci\u00f3n de los restos de nuestro abuelo\u00bb, reza el mensaje. Todo ello, seg\u00fan explican, porque se ven obligados a aclarar cualquier malentendido que pueda surgir de las informaciones de los medios. Los Franco aseveran que no se pondr\u00e1n de perfil ante el Decreto-Ley, ya publicado en el Bolet\u00edn Oficial del Estado (BOE), y que est\u00e1n dispuestos a \u00abagotar todos los recursos legales\u00bb que est\u00e1n a su alcance \u00absin descartar cualesquiera otras acciones legales para impedir que se vulneren nuestros leg\u00edtimos derechos\u00bb para decidir el destino de los restos mortales de Francisco Franco Bahamonde. El comunicado recoge que el \u00abdecretazo\u00bb vulnera \u00abgravemente\u00bb la legalidad vigente y reitera la \u00abconfianza en los tribunales de justicia\u00bb por parte de la familia, que espera que finalmente el proceso no se pueda culminar. Asimismo, los familiares del dictador aseguran que no permitar\u00e1n que el Ejecutivo sea quien decida el destino del cad\u00e1ver y que, en caso de darse la inminente exhumaci\u00f3n, asegura que se har\u00e1n cargo de los restos para \u00abproceder a darles Cristiana sepultura como corresponde a la fe en la que vivi\u00f3 y muri\u00f3\u00bb.<br \/>\nVia: <a href=\"https:\/\/www.abc.es\/espana\/abci-familia-franco-ningun-caso-colaboraremos-exhumacion-abuelo-201808251847_noticia.html\" target=\"_blank\">La familia Franco: \u00abEn ning\u00fan caso colaboraremos con la exhumaci\u00f3n del abuelo\u00bb<\/a><\/p>\n","protected":false},"excerpt":{"rendered":"<p>La familia Mart\u00ednez-Bordi\u00fa Franco ha enviado un comunicado a los medios de comunicaci\u00f3n asegurando que bajo ning\u00fan concepto colaborar\u00e1n con el Gobierno de Pedro S\u00e1nchez para ejecutar el traslado de los restos de Franco del Valle de los Ca\u00eddos. \u00abReiteramos nuestra m\u00e1s firme y un\u00e1nime oposici\u00f3n a cualquier exhumaci\u00f3n de [&hellip;]<\/p>\n","protected":false},"author":2,"featured_media":55675,"comment_status":"open","ping_status":"closed","sticky":false,"template":"","format":"standard","meta":{"footnotes":""},"categories":[6],"tags":[],"class_list":["post-55674","post","type-post","status-publish","format-standard","has-post-thumbnail","hentry","category-spanish"],"_links":{"self":[{"href":"https:\/\/theworldwidejournal.com\/index.php?rest_route=\/wp\/v2\/posts\/55674","targetHints":{"allow":["GET"]}}],"collection":[{"href":"https:\/\/theworldwidejournal.com\/index.php?rest_route=\/wp\/v2\/posts"}],"about":[{"href":"https:\/\/theworldwidejournal.com\/index.php?rest_route=\/wp\/v2\/types\/post"}],"author":[{"embeddable":true,"href":"https:\/\/theworldwidejournal.com\/index.php?rest_route=\/wp\/v2\/users\/2"}],"replies":[{"embeddable":true,"href":"https:\/\/theworldwidejournal.com\/index.php?rest_route=%2Fwp%2Fv2%2Fcomments&post=55674"}],"version-history":[{"count":0,"href":"https:\/\/theworldwidejournal.com\/index.php?rest_route=\/wp\/v2\/posts\/55674\/revisions"}],"wp:featuredmedia":[{"embeddable":true,"href":"https:\/\/theworldwidejournal.com\/index.php?rest_route=\/wp\/v2\/media\/55675"}],"wp:attachment":[{"href":"https:\/\/theworldwidejournal.com\/index.php?rest_route=%2Fwp%2Fv2%2Fmedia&parent=55674"}],"wp:term":[{"taxonomy":"category","embeddable":true,"href":"https:\/\/theworldwidejournal.com\/index.php?rest_route=%2Fwp%2Fv2%2Fcategories&post=55674"},{"taxonomy":"post_tag","embeddable":true,"href":"https:\/\/theworldwidejournal.com\/index.php?rest_route=%2Fwp%2Fv2%2Ftags&post=55674"}],"curies":[{"name":"wp","href":"https:\/\/api.w.org\/{rel}","templated":true}]}}