{"id":55740,"date":"1970-01-01T01:00:00","date_gmt":"1970-01-01T00:00:00","guid":{"rendered":"https:\/\/theworldwidejournal.com\/1970\/01\/01\/jueces-por-la-democracia-da-la-espalda-a-llarena-y-respalda-al-gobierno\/"},"modified":"1970-01-01T01:00:00","modified_gmt":"1970-01-01T00:00:00","slug":"jueces-por-la-democracia-da-la-espalda-a-llarena-y-respalda-al-gobierno","status":"publish","type":"post","link":"https:\/\/theworldwidejournal.com\/?p=55740","title":{"rendered":"Jueces por la Democracia da la espalda a Llarena y respalda al Gobierno"},"content":{"rendered":"<p>Juezas y jueces para la Democracia ha considerado hoy que la actuaci\u00f3n del Ministerio de Justicia en el procedimiento abierto en B\u00e9lgica a ra\u00edz de la demanda civil del expresidente de la Generalitat Carles Puigdemont contra el magistrado Pablo Llarena es \u00abcorrecta y ajustada a derecho\u00bb. La \u00fanica asociaci\u00f3n judicial que hasta ahora no hab\u00eda opinado sobre este asunto ha hecho p\u00fablico un comunicado en el que coincide con las dem\u00e1s en \u00absu compromiso en defensa de la soberan\u00eda e integridad de la jurisdicci\u00f3n espa\u00f1ola\u00bb. Tambi\u00e9n expresa su \u00abrotunda oposici\u00f3n al uso de las normas y mecanismos judiciales\u00bb para lograr \u00abel enjuiciamiento ante tribunales extranjeros de un magistrado espa\u00f1ol por los actos realizados en ejercicio de sus funciones\u00bb. \u00abPor ello, consideramos correcta y ajustada a derecho la personaci\u00f3n de Espa\u00f1a en el procedimiento que se sigue ante los tribunales de B\u00e9lgica, tal y como ha anunciado el Ministerio de Justicia\u00bb. El departamento que dirige Dolores Delgado inform\u00f3 de que contratar\u00eda un bufete privado de abogados que defienda \u00abla soberan\u00eda e inmunidad jurisdiccional\u00bb de Espa\u00f1a en el procedimiento abierto contra Llarena si el tribunal belga cuestiona la causa del \u00abproc\u00e9s\u00bb que instruye este juez. As\u00ed, la postura del Gobierno es la de defender la jurisdicci\u00f3n de Espa\u00f1a en este procedimiento pero dejando el amparo legal y el apoyo al juez, que debe comparecer el d\u00eda 4 de septiembre ante el tribunal belga, al propio Poder Judicial, seg\u00fan subray\u00f3 el pasado viernes la vicepresidenta del Ejecutivo, Carmen Calvo. Pero el resto de asociaciones judiciales -la Asociaci\u00f3n Profesional de la Magistratura, la Asociaci\u00f3n Judicial Francisco de Vitoria, el Foro Judicial Independiente- y la Asociaci\u00f3n de Fiscales y la Asociaci\u00f3n Profesional Independiente de Fiscales, han exigido al Gobierno que asuma ante la justicia belga la defensa del magistrado del Tribunal Supremo. La Uni\u00f3n Progresistas de Fiscales no secund\u00f3 el comunicado conjunto de las anteriores y emiti\u00f3 ayer el suyo propio. En \u00e9l, mostraba su \u00abunidad en defensa\u00bb de Llarena y \u00abla necesidad de que el estado espa\u00f1ol se persone en el procedimiento judicial iniciado en B\u00e9lgica a fin de alegar, como cuesti\u00f3n previa, la inmunidad de jurisdicci\u00f3n en relaci\u00f3n al libre ejercicio de su funciones en el \u00e1mbito del proceso penal iniciado en Espa\u00f1a\u00bb. Por \u00faltimo destaca \u00absu compromiso en defensa de la soberan\u00eda e integridad de la jurisdicci\u00f3n espa\u00f1ola\u00bb.<br \/>\nVia: <a href=\"https:\/\/www.abc.es\/espana\/abci-jueces-democracia-respalda-gobierno-sobre-defensa-juez-llarena-belgica-201808261318_noticia.html\" target=\"_blank\">Jueces por la Democracia da la espalda a Llarena y respalda al Gobierno<\/a><\/p>\n","protected":false},"excerpt":{"rendered":"<p>Juezas y jueces para la Democracia ha considerado hoy que la actuaci\u00f3n del Ministerio de Justicia en el procedimiento abierto en B\u00e9lgica a ra\u00edz de la demanda civil del expresidente de la Generalitat Carles Puigdemont contra el magistrado Pablo Llarena es \u00abcorrecta y ajustada a derecho\u00bb. La \u00fanica asociaci\u00f3n judicial [&hellip;]<\/p>\n","protected":false},"author":2,"featured_media":55741,"comment_status":"open","ping_status":"closed","sticky":false,"template":"","format":"standard","meta":{"footnotes":""},"categories":[6],"tags":[],"class_list":["post-55740","post","type-post","status-publish","format-standard","has-post-thumbnail","hentry","category-spanish"],"_links":{"self":[{"href":"https:\/\/theworldwidejournal.com\/index.php?rest_route=\/wp\/v2\/posts\/55740","targetHints":{"allow":["GET"]}}],"collection":[{"href":"https:\/\/theworldwidejournal.com\/index.php?rest_route=\/wp\/v2\/posts"}],"about":[{"href":"https:\/\/theworldwidejournal.com\/index.php?rest_route=\/wp\/v2\/types\/post"}],"author":[{"embeddable":true,"href":"https:\/\/theworldwidejournal.com\/index.php?rest_route=\/wp\/v2\/users\/2"}],"replies":[{"embeddable":true,"href":"https:\/\/theworldwidejournal.com\/index.php?rest_route=%2Fwp%2Fv2%2Fcomments&post=55740"}],"version-history":[{"count":0,"href":"https:\/\/theworldwidejournal.com\/index.php?rest_route=\/wp\/v2\/posts\/55740\/revisions"}],"wp:featuredmedia":[{"embeddable":true,"href":"https:\/\/theworldwidejournal.com\/index.php?rest_route=\/wp\/v2\/media\/55741"}],"wp:attachment":[{"href":"https:\/\/theworldwidejournal.com\/index.php?rest_route=%2Fwp%2Fv2%2Fmedia&parent=55740"}],"wp:term":[{"taxonomy":"category","embeddable":true,"href":"https:\/\/theworldwidejournal.com\/index.php?rest_route=%2Fwp%2Fv2%2Fcategories&post=55740"},{"taxonomy":"post_tag","embeddable":true,"href":"https:\/\/theworldwidejournal.com\/index.php?rest_route=%2Fwp%2Fv2%2Ftags&post=55740"}],"curies":[{"name":"wp","href":"https:\/\/api.w.org\/{rel}","templated":true}]}}