{"id":55748,"date":"1970-01-01T01:00:00","date_gmt":"1970-01-01T00:00:00","guid":{"rendered":"https:\/\/theworldwidejournal.com\/1970\/01\/01\/los-secretos-de-la-tumba-olvidada-que-francisco-franco-tiene-el-pardo\/"},"modified":"1970-01-01T01:00:00","modified_gmt":"1970-01-01T00:00:00","slug":"los-secretos-de-la-tumba-olvidada-que-francisco-franco-tiene-el-pardo","status":"publish","type":"post","link":"https:\/\/theworldwidejournal.com\/?p=55748","title":{"rendered":"Los secretos de la tumba olvidada que Francisco Franco tiene El Pardo"},"content":{"rendered":"<p>Francisco Franco, enterrado desde hace 43 a\u00f1os en el Valle de los Ca\u00eddos (San Lorenzo de El Escorial), dispone de una sepultura con su nombre a 50 kil\u00f3metros de all\u00ed, en la cripta del cementerio de Mingorrubio, en El Pardo (Madrid), donde la familia del dictador tiene un pante\u00f3n. As\u00ed lo asegura en conversaci\u00f3n telef\u00f3nica Gabino Ab\u00e1nades, director de los servicios funerarios de Madrid durante dieciocho a\u00f1os, con anterioridad responsable de los cementerios municipales de la capital y el hombre que dirigi\u00f3 el enterramiento de Franco en el valle de Cuelgamuros. Ab\u00e1nades, desde mayo de 2011 alcalde popular de Sacecorbo, una peque\u00f1a localidad de Guadalajara ahora en fiestas, era una de las contadas personas que, adem\u00e1s de la familia de Franco, ten\u00eda la llave para acceder a la cripta, cuyo acceso est\u00e1 restringido y donde est\u00e1 la tumba de su mujer, Carmen Polo, fallecida en 1988. Seg\u00fan este experto en cementerios, el interior de la cripta es \u00abaustero\u00bb, sin rastro de s\u00edmbolos franquistas (\u00abno hay \u00e1guilas ni yugos ni flechas\u00bb); solo hay en el techo la expresi\u00f3n &#8216;Yo soy el Alfa y la Omega&#8217; que aparece en la Biblia. Al cementerio municipal de El Pardo, que gestiona el Ayuntamiento de Madrid, se llega por una carretera angosta que tras dejar a una lado un complejo deportivo, La Zarzuela -residencia de los Reyes- y la colonia de Mingorrubio, construida para alojar a los miembros de la escolta de Franco, acaba en un una rotonda con un pino de grandes dimensiones. Nada m\u00e1s entrar al camposanto, a mano izquierda, se erige una edificaci\u00f3n de granito con apariencia de chal\u00e9. Solo dos campanas coronadas por sendas cruces y unas cristaleras protegidas por una reja de hierro forjado delatan que no se trata de un caser\u00f3n. En el exterior de la cripta, nada indica que all\u00ed est\u00e9 enterrada Carmen Polo ni que haya una tumba \u00abgemela\u00bb, seg\u00fan Ab\u00e1nades, del Franco. La cripta fue construida en 1969 debido a \u00abcircunstancias imprevisibles y de urgencia\u00bb, de acuerdo con el expediente del peque\u00f1o mausoleo que guarda el Archivo de la Villa. La cristalera de la puerta deja entrever una capilla con una docena de bancos y unas escaleras con \u00abunos quince pelda\u00f1os\u00bb que bajan hasta la cripta, \u00abde unos treinta metros cuadrados con dos sepulturas (la de Polo y la de Franco), otra capilla y unos servicios\u00bb, recuerda Ab\u00e1nades. La l\u00e1pida de Carmen Polo (1900-1988) menciona a su marido y su t\u00edtulo de se\u00f1ora de Meir\u00e1s. Si el Congreso convalida la decisi\u00f3n del Consejo de Ministros de exhumar los restos de Franco del Valle de los Ca\u00eddos y su traslado a otro lugar este ser\u00eda el sitio id\u00f3neo para albergar la tumba del dictador, donde tambi\u00e9n est\u00e1n enterradas personas muy cercanas a \u00e9l como Carlos Arias Navarro o Luis Carrero Blanco, aunque tambi\u00e9n las hay de ideolog\u00eda muy distinta. En los \u00faltimos d\u00edas, la familia de Franco ha asegurado que se har\u00e1 cargo de los restos mortales del dictador, e incluso ha descartado que su futura morada vaya a ser El Pardo por motivos de seguridad. Tambi\u00e9n han advertido de que agotar\u00e1n los recursos legales a su alcance para impedir la exhumaci\u00f3n del Valle de los Ca\u00eddos, amparado por un real decreto publicado ayer en el Bolet\u00edn Oficial del Estado (BOE). Seg\u00fan Ab\u00e1nades, en el cementerio de El Pardo, salpicado de encinas centenarias, hay unas 500 sepulturas, 2.200 nichos, 1.050 columbarios y medio centenar de panteones.<br \/>\nVia: <a href=\"https:\/\/www.abc.es\/espana\/abci-secretos-tumba-olvidada-francisco-franco-tiene-pardo-201808261117_noticia.html\" target=\"_blank\">Los secretos de la tumba olvidada que Francisco Franco tiene El Pardo<\/a><\/p>\n","protected":false},"excerpt":{"rendered":"<p>Francisco Franco, enterrado desde hace 43 a\u00f1os en el Valle de los Ca\u00eddos (San Lorenzo de El Escorial), dispone de una sepultura con su nombre a 50 kil\u00f3metros de all\u00ed, en la cripta del cementerio de Mingorrubio, en El Pardo (Madrid), donde la familia del dictador tiene un pante\u00f3n. As\u00ed [&hellip;]<\/p>\n","protected":false},"author":2,"featured_media":55749,"comment_status":"open","ping_status":"closed","sticky":false,"template":"","format":"standard","meta":{"footnotes":""},"categories":[6],"tags":[],"class_list":["post-55748","post","type-post","status-publish","format-standard","has-post-thumbnail","hentry","category-spanish"],"_links":{"self":[{"href":"https:\/\/theworldwidejournal.com\/index.php?rest_route=\/wp\/v2\/posts\/55748","targetHints":{"allow":["GET"]}}],"collection":[{"href":"https:\/\/theworldwidejournal.com\/index.php?rest_route=\/wp\/v2\/posts"}],"about":[{"href":"https:\/\/theworldwidejournal.com\/index.php?rest_route=\/wp\/v2\/types\/post"}],"author":[{"embeddable":true,"href":"https:\/\/theworldwidejournal.com\/index.php?rest_route=\/wp\/v2\/users\/2"}],"replies":[{"embeddable":true,"href":"https:\/\/theworldwidejournal.com\/index.php?rest_route=%2Fwp%2Fv2%2Fcomments&post=55748"}],"version-history":[{"count":0,"href":"https:\/\/theworldwidejournal.com\/index.php?rest_route=\/wp\/v2\/posts\/55748\/revisions"}],"wp:featuredmedia":[{"embeddable":true,"href":"https:\/\/theworldwidejournal.com\/index.php?rest_route=\/wp\/v2\/media\/55749"}],"wp:attachment":[{"href":"https:\/\/theworldwidejournal.com\/index.php?rest_route=%2Fwp%2Fv2%2Fmedia&parent=55748"}],"wp:term":[{"taxonomy":"category","embeddable":true,"href":"https:\/\/theworldwidejournal.com\/index.php?rest_route=%2Fwp%2Fv2%2Fcategories&post=55748"},{"taxonomy":"post_tag","embeddable":true,"href":"https:\/\/theworldwidejournal.com\/index.php?rest_route=%2Fwp%2Fv2%2Ftags&post=55748"}],"curies":[{"name":"wp","href":"https:\/\/api.w.org\/{rel}","templated":true}]}}