{"id":55812,"date":"1970-01-01T01:00:00","date_gmt":"1970-01-01T00:00:00","guid":{"rendered":"https:\/\/theworldwidejournal.com\/1970\/01\/01\/cs-y-pp-toman-la-iniciativa-tras-la-agresion-a-la-mujer-que-quito-lazos-amarillas\/"},"modified":"1970-01-01T01:00:00","modified_gmt":"1970-01-01T00:00:00","slug":"cs-y-pp-toman-la-iniciativa-tras-la-agresion-a-la-mujer-que-quito-lazos-amarillas","status":"publish","type":"post","link":"https:\/\/theworldwidejournal.com\/?p=55812","title":{"rendered":"Cs y PP toman la iniciativa tras la agresi\u00f3n a la mujer que quit\u00f3 lazos amarillas"},"content":{"rendered":"<p>Ante la inacci\u00f3n del Gobierno, Ciudadanos y Partido Popular han tomado la iniciativa ante la escalada de tensi\u00f3n en Catalu\u00f1a con motivo del proceso soberanista y, en concreto, por la colocaci\u00f3n y retirada de lazos amarillos pidiendo la libertad de los pol\u00edticos presos. Un d\u00eda despu\u00e9s de conocerse la agresi\u00f3n de una mujer por parte de una persona que le recriminaba quitar lazos cerca del parque de la Ciudadela de Barcelona, ambas formaciones anunciaron medidas para, seg\u00fan se\u00f1alaron, defender y salvaguardar los derechos de los ciudanos catalanes avasallados por el \u00abproc\u00e9s\u00bb. Por un lado, y en declaraciones desde Jerez de la Frontera, la l\u00edder de Ciudadanos en Catalu\u00f1a, In\u00e9s Arrimadas, anunci\u00f3 que presentar\u00e1 una denuncia a la Fiscal\u00eda para que se investigue si ha podido existir un delito de odio en la agresi\u00f3n a la mujer, cuyo marido es militante de Ciudadanos. Arrimadas defendi\u00f3 que sea la Fiscal\u00eda la que investigue esta agresi\u00f3n \u00abbrutal\u00bb, y advirti\u00f3 de que \u00ablo que no vamos a hacer es quitar hierro a las agresiones que se sufren por personas en el mismo momento en que est\u00e1n retirando lazos amarillos\u00bb. \u00abAnte esta situaci\u00f3n no se puede mirar para otro lado\u00bb, defendi\u00f3 Arrimadas, quien declar\u00f3 que su partido dar\u00e1 apoyo a todas las personas que est\u00e1n siendo \u00abse\u00f1aladas, identificadas e insultadas\u00bb Manifestaci\u00f3n el mi\u00e9rcoles En este contexto, la l\u00edder de Cs asegur\u00f3 que Pedro S\u00e1nchez \u00abest\u00e1 en manos de los partidos separatistas\u00bb por querer ser presidente de Espa\u00f1a \u00aba toda costa\u00bb, y acus\u00f3 al presidente espa\u00f1ol de \u00abdejar tirados\u00bb a millones de catalanes que \u00abestamos sufriendo\u00bb un gobierno \u00abseparatista\u00bb y de \u00abdejar tirados\u00bb a servidores p\u00fablicos, como el juez Pablo Llanera, \u00abque hacen su trabajo para defender la aplicaci\u00f3n de la Justicia en nuestro pa\u00eds\u00bb. Para mostrar su solidaridad con la mujer agredida en Barcelona, Ciudadanos ha convocado una concentraci\u00f3n el pr\u00f3ximo mi\u00e9rcoles 29 de agosto a las siete de la tarde en el lugar de la agresi\u00f3n, en el parque de la Ciudadela. El PP tambi\u00e9n se adelant\u00f3, y anunci\u00f3 que abrir\u00e1 en Barcelona una oficina de asesoramiento y apoyo para personas denunciadas, sancionadas o agredidas por retirar lazos amarillos de la v\u00eda p\u00fablica, seg\u00fan anunci\u00f3 ayer el presidente del Grupo Municipal Popular en el consistorio barcelon\u00e9s, Alberto Fern\u00e1ndez D\u00edaz. En declaraciones a los medios, Fern\u00e1ndez explic\u00f3 que con esta iniciativa pretenden \u00abrespaldar a aquellas personas que sean perseguidas por el \u00fanico delito o infracci\u00f3n de sentirse catalanes y espa\u00f1oles y rechazar la presencia de unos lazos amarillos en la v\u00eda p\u00fablica\u00bb. En paralelo, el edil popular, sobre la agresi\u00f3n del s\u00e1bado, cuestion\u00f3 \u00abel silencio\u00bb de la Concejal\u00eda de Derechos Civiles del Ayuntamiento de Barcelona, si bien la alcaldesa Ada Colau s\u00ed denunci\u00f3 los hechos. Colau con todo reclam\u00f3 \u00abprudencia antes de hacer interpretaciones partidistas que solo generan confusi\u00f3n y crispaci\u00f3n\u00bb, alimentando la tesis que sostiene que la agresi\u00f3n del s\u00e1bado no tuvo una motivaci\u00f3n pol\u00edtica. El vicesecretario del Partido Popular, Javier Maroto, apunt\u00f3 en un encuentro con medios que hay un \u00abproblema evidente\u00bb cuando en situaciones como \u00e9sta los representantes p\u00fablicos \u00abquieren mirar para otro lado\u00bb, en relaci\u00f3n al presidente del Gobierno, Pedro S\u00e1nchez. Movimiento contra la Intolerancia pidi\u00f3 tambi\u00e9n, por su parte, la intervenci\u00f3n de las Fiscal\u00edas especializadas en Delitos de Odio y Discriminaci\u00f3n ante las agresiones que se produzcan en relaci\u00f3n con la los lazos amarillos.<br \/>\nVia: <a href=\"https:\/\/www.abc.es\/espana\/abci-y-pp-toman-iniciativa-tras-agresion-mujer-quito-lazos-amarillas-201808262138_noticia.html\" target=\"_blank\">Cs y PP toman la iniciativa tras la agresi\u00f3n a la mujer que quit\u00f3 lazos amarillas<\/a><\/p>\n","protected":false},"excerpt":{"rendered":"<p>Ante la inacci\u00f3n del Gobierno, Ciudadanos y Partido Popular han tomado la iniciativa ante la escalada de tensi\u00f3n en Catalu\u00f1a con motivo del proceso soberanista y, en concreto, por la colocaci\u00f3n y retirada de lazos amarillos pidiendo la libertad de los pol\u00edticos presos. Un d\u00eda despu\u00e9s de conocerse la agresi\u00f3n [&hellip;]<\/p>\n","protected":false},"author":2,"featured_media":55813,"comment_status":"open","ping_status":"closed","sticky":false,"template":"","format":"standard","meta":{"footnotes":""},"categories":[6],"tags":[],"class_list":["post-55812","post","type-post","status-publish","format-standard","has-post-thumbnail","hentry","category-spanish"],"_links":{"self":[{"href":"https:\/\/theworldwidejournal.com\/index.php?rest_route=\/wp\/v2\/posts\/55812","targetHints":{"allow":["GET"]}}],"collection":[{"href":"https:\/\/theworldwidejournal.com\/index.php?rest_route=\/wp\/v2\/posts"}],"about":[{"href":"https:\/\/theworldwidejournal.com\/index.php?rest_route=\/wp\/v2\/types\/post"}],"author":[{"embeddable":true,"href":"https:\/\/theworldwidejournal.com\/index.php?rest_route=\/wp\/v2\/users\/2"}],"replies":[{"embeddable":true,"href":"https:\/\/theworldwidejournal.com\/index.php?rest_route=%2Fwp%2Fv2%2Fcomments&post=55812"}],"version-history":[{"count":0,"href":"https:\/\/theworldwidejournal.com\/index.php?rest_route=\/wp\/v2\/posts\/55812\/revisions"}],"wp:featuredmedia":[{"embeddable":true,"href":"https:\/\/theworldwidejournal.com\/index.php?rest_route=\/wp\/v2\/media\/55813"}],"wp:attachment":[{"href":"https:\/\/theworldwidejournal.com\/index.php?rest_route=%2Fwp%2Fv2%2Fmedia&parent=55812"}],"wp:term":[{"taxonomy":"category","embeddable":true,"href":"https:\/\/theworldwidejournal.com\/index.php?rest_route=%2Fwp%2Fv2%2Fcategories&post=55812"},{"taxonomy":"post_tag","embeddable":true,"href":"https:\/\/theworldwidejournal.com\/index.php?rest_route=%2Fwp%2Fv2%2Ftags&post=55812"}],"curies":[{"name":"wp","href":"https:\/\/api.w.org\/{rel}","templated":true}]}}