{"id":55814,"date":"1970-01-01T01:00:00","date_gmt":"1970-01-01T00:00:00","guid":{"rendered":"https:\/\/theworldwidejournal.com\/1970\/01\/01\/moncloa-rectifica-a-justicia-y-defendera-a-llarena-en-belgica\/"},"modified":"1970-01-01T01:00:00","modified_gmt":"1970-01-01T00:00:00","slug":"moncloa-rectifica-a-justicia-y-defendera-a-llarena-en-belgica","status":"publish","type":"post","link":"https:\/\/theworldwidejournal.com\/?p=55814","title":{"rendered":"Moncloa rectifica a Justicia y defender\u00e1 a Llarena en B\u00e9lgica"},"content":{"rendered":"<p>La defensa del juez Pablo Llarena en B\u00e9lgica ha provocado la primera fractura en el Gobierno de Pedro S\u00e1nchez, que por presiones externas, pero tambi\u00e9n internas, se ha visto obligado a rectificar al Ministerio de Justicia y a arropar al magistrado ante la demanda civil interpuesta contra \u00e9l en B\u00e9lgica por el expresidente de la Generalitat Carles Puigdemont y otros cuatro consejeros huidos. Tras varios d\u00edas de intensa pol\u00e9mica por el abandono del magistrado ante los tribunales europeos, con las principales asociaciones de jueces y fiscales, el Consejo General del Poder Judicial y magistrados del Supremo en pie de guerra por la \u00abdejaci\u00f3n de funciones\u00bb ante este ataque a la independencia judicial, Moncloa se vio obligada ayer a dar un nuevo volantazo en sus casi tres meses de gobierno. En un comunicado emitido a primera hora de la tarde asegur\u00f3 que ya se han iniciado los tr\u00e1mites para la contrataci\u00f3n de los servicios de un despacho de abogados en B\u00e9lgica que defienda los intereses de Espa\u00f1a en la demanda promovida contra el instructor. En definitiva, lo que los servicios jur\u00eddicos del Estado aconsejaron al Ejecutivo el pasado 31 de julio, hace casi un mes. Con condiciones Moncloa se impon\u00eda as\u00ed \u00abin extremis\u00bb al Ministerio de Justicia que dirige Dolores Delgado y desde el que ayer se segu\u00eda sin asumir este cambio de rumbo respecto a la nota de prensa que sali\u00f3 de ese departamento el pasado 23 de agosto y que diferenciaba entre la soberan\u00eda e inmunidad jurisdiccional de los tribunales espa\u00f1oles y las declaraciones que Llarena efectu\u00f3 en lo que consideran \u00ab\u00e1mbito privado\u00bb, ajeno a su funci\u00f3n jurisdiccional. Delgado supeditaba la personaci\u00f3n del Estado espa\u00f1ol ante la Justicia belga en defensa de la soberan\u00eda e inmunidad jurisdiccional de los tribunales espa\u00f1oles a que en el momento de admitir a tr\u00e1mite la demanda contra Llarena se mencionaran argumentos o datos de la causa penal que este magistrado ha instruido. \u00abLa demanda presentada en Bruselas incluye tambi\u00e9n referencias a expresiones o manifestaciones privadas realizadas por el juez ante las que el Gobierno no puede actuar (&#8230;)\u00bb, se\u00f1al\u00f3 entonces el Ministerio. Lo cierto es que de la mera lectura de la demanda de los pr\u00f3fugos se desprende claramente que la referencia de Llarena a los \u00abpresos pol\u00edticos\u00bb -a juicio de los procesados, es esto lo que vulnera su honor- no es m\u00e1s que el pretexto para cuestionar una vez en instancias internacionales la imparcialidad del juez, la instrucci\u00f3n de la causa y el propio Estado de Derecho espa\u00f1ol. As\u00ed lo interpretaron en su comunicado conjunto los jueces y los fiscales, la Comisi\u00f3n Permanente del CGPJ y la propia Abogac\u00eda del Estado, que en todo momento ha considerado que las declaraciones de Llarena (que la demanda toca solo de forma tangencial) no se pueden desligar de su funci\u00f3n jurisdiccional. No obstante, el foco de la demanda no est\u00e1 puesto precisamente en el magistrado Pablo Llarena. \u00abDesde hace bastantes a\u00f1os, los miembros de minor\u00edas que persiguen una acci\u00f3n pol\u00edtica a favor de la independencia de su regi\u00f3n sufren en Espa\u00f1a violaciones sistem\u00e1ticas de sus derechos fundamentales\u00bb, se se\u00f1ala en el escrito cuya admisi\u00f3n est\u00e1 pendiente de la vista convocada el pr\u00f3ximo 4 de septiembre. Los procesados afirman tambi\u00e9n que Espa\u00f1a es \u00abun Estado delincuente\u00bb, que comparan con Kazajist\u00e1n, y que el sistema judicial espa\u00f1ol \u00abha sido hasta el momento incapaz de tratar la cuesti\u00f3n catalana de manera imparcial: distintas jurisdicciones de Espa\u00f1a han tomado numerosas decisiones judiciales realizando m\u00faltiples violaciones incompatibles con los valores que fundamentan la Uni\u00f3n Europea\u00bb. En un contexto en el que la estrategia de desprestigio y ataque a la independencia del Poder Judicial espa\u00f1ol ha sido una constante por parte de los procesados huidos, miembros de peso del Ejecutivo no se han sentido c\u00f3modos con la postura que hasta ayer mantuvo Pedro S\u00e1nchez: la de dejar solo a Llarena ante la UE. Por eso, el respaldo al magistrado por parte del Consejo General del Poder Judicial, el comunicado conjunto de jueces y fiscales y que en las \u00faltimas horas haya trascendido el contenido de la tramposa demanda ha sido acogido con satisfacci\u00f3n por miembros de peso del Gobierno, seg\u00fan ha podido saber ABC. El riesgo de las costas La implicaci\u00f3n del abandono de Llarena no habr\u00eda sido cosa menor. El d\u00eda 4 de septiembre est\u00e1 convocado a una vista en la que que se tiene que decidir sobre la admisi\u00f3n de esta demanda y el magistrado no va a acudir. El pasado 20 de junio el hoy secretario general de Justicia y entonces juez decano de Madrid, Antonio Viejo, rechaz\u00f3 tramitar esta citaci\u00f3n al considerar \u00abimprocedente\u00bb que un miembro del Poder Judicial espa\u00f1ol tuviera que dar explicaciones sobre un asunto sometido a su jurisdicci\u00f3n ante un tribunal extranjero. Viejo devolvi\u00f3 el exhorto al juez belga sin cumplimentar. Lo cierto es que en la jurisdicci\u00f3n civil tiene que haber oposici\u00f3n: aunque el demandante no acuda tiene que hacerlo un representante so pena de que ante la admisi\u00f3n de la demanda, el propio juez podr\u00eda ser condenado en costas, lo que supondr\u00eda miles de euros que el propio Llarena tendr\u00eda que costear de su bolsillo. De ah\u00ed que, consciente de esta circunstancia, el propio magistrado pidiera amparo al CGPJ ante la demanda interpuesta por los secesionistas por declaraciones efectuadas en el ejercicio de su funci\u00f3n jurisdiccional. En su escrito dirigido al Consejo, Llarena alud\u00eda al \u00abriesgo\u00bb que esa demanda supone para la integridad de la jurisdicci\u00f3n espa\u00f1ola. \u00abSe cuestionar\u00eda la imparcialidad de mi instrucci\u00f3n, pretendiendo que sea un tribunal belga el que examine la correcci\u00f3n de mi labor\u00bb, se\u00f1alaba el juez. Para el magistrado, ya es revelador que el decano de Madrid se negara a notificar la acci\u00f3n civil de Puigdemont, lo que evidencia \u00abel car\u00e1cter groseramente fraudulento de la demanda, que no tendr\u00eda m\u00e1s fin que sustraer de su sede natural la revisi\u00f3n de los actos de la Justicia espa\u00f1ola y hacerlo defraudando los instrumentos de los que el ordenamiento jur\u00eddico espa\u00f1ol se dota para asegurar la independencia de mi funci\u00f3n:&hellip;<br \/>\nVia: <a href=\"https:\/\/www.abc.es\/espana\/abci-moncloa-rectifica-justicia-y-defendera-llarena-belgica-201808262355_noticia.html\" target=\"_blank\">Moncloa rectifica a Justicia y defender\u00e1 a Llarena en B\u00e9lgica<\/a><\/p>\n","protected":false},"excerpt":{"rendered":"<p>La defensa del juez Pablo Llarena en B\u00e9lgica ha provocado la primera fractura en el Gobierno de Pedro S\u00e1nchez, que por presiones externas, pero tambi\u00e9n internas, se ha visto obligado a rectificar al Ministerio de Justicia y a arropar al magistrado ante la demanda civil interpuesta contra \u00e9l en B\u00e9lgica [&hellip;]<\/p>\n","protected":false},"author":2,"featured_media":55815,"comment_status":"open","ping_status":"closed","sticky":false,"template":"","format":"standard","meta":{"footnotes":""},"categories":[6],"tags":[],"class_list":["post-55814","post","type-post","status-publish","format-standard","has-post-thumbnail","hentry","category-spanish"],"_links":{"self":[{"href":"https:\/\/theworldwidejournal.com\/index.php?rest_route=\/wp\/v2\/posts\/55814","targetHints":{"allow":["GET"]}}],"collection":[{"href":"https:\/\/theworldwidejournal.com\/index.php?rest_route=\/wp\/v2\/posts"}],"about":[{"href":"https:\/\/theworldwidejournal.com\/index.php?rest_route=\/wp\/v2\/types\/post"}],"author":[{"embeddable":true,"href":"https:\/\/theworldwidejournal.com\/index.php?rest_route=\/wp\/v2\/users\/2"}],"replies":[{"embeddable":true,"href":"https:\/\/theworldwidejournal.com\/index.php?rest_route=%2Fwp%2Fv2%2Fcomments&post=55814"}],"version-history":[{"count":0,"href":"https:\/\/theworldwidejournal.com\/index.php?rest_route=\/wp\/v2\/posts\/55814\/revisions"}],"wp:featuredmedia":[{"embeddable":true,"href":"https:\/\/theworldwidejournal.com\/index.php?rest_route=\/wp\/v2\/media\/55815"}],"wp:attachment":[{"href":"https:\/\/theworldwidejournal.com\/index.php?rest_route=%2Fwp%2Fv2%2Fmedia&parent=55814"}],"wp:term":[{"taxonomy":"category","embeddable":true,"href":"https:\/\/theworldwidejournal.com\/index.php?rest_route=%2Fwp%2Fv2%2Fcategories&post=55814"},{"taxonomy":"post_tag","embeddable":true,"href":"https:\/\/theworldwidejournal.com\/index.php?rest_route=%2Fwp%2Fv2%2Ftags&post=55814"}],"curies":[{"name":"wp","href":"https:\/\/api.w.org\/{rel}","templated":true}]}}