{"id":55884,"date":"1970-01-01T01:00:00","date_gmt":"1970-01-01T00:00:00","guid":{"rendered":"https:\/\/theworldwidejournal.com\/1970\/01\/01\/rivera-pide-al-congreso-que-condene-el-acoso-a-llarena\/"},"modified":"1970-01-01T01:00:00","modified_gmt":"1970-01-01T00:00:00","slug":"rivera-pide-al-congreso-que-condene-el-acoso-a-llarena","status":"publish","type":"post","link":"https:\/\/theworldwidejournal.com\/?p=55884","title":{"rendered":"Rivera pide al Congreso que condene el \u00abacoso\u00bb a Llarena"},"content":{"rendered":"<p>El Congreso debatir\u00e1 sobre la situaci\u00f3n del juez instructor del proc\u00e9s, Pablo Llarena, demandado por Carles Puigdemont y otros dirigentes separatistas ante un juez belga. Ciudadanos ha registrado una iniciativa para que la C\u00e1mara inste al Gobierno a que asuma la defensa del magistrado del Tribunal Supremo ante la estrategia de \u00abacoso\u00bb de los independentistas, pero tambi\u00e9n para que condene el \u00abacoso\u00bb y \u201cpersecuci\u00f3n\u201d que sufre \u00e9l y su familia en Catalu\u00f1a. El Gobierno ha corregido su posici\u00f3n ambigua inicial y asumir\u00e1 ahora la defensa judicial del magistrado. Podemos lo rechaza y ERC habla de \u00abpoca valent\u00eda\u00bb de S\u00e1nchez por rectificar. El partido naranja busca que el Congreso haga un pronunciamiento contundente a favor de labor de los jueces y fiscales, especialmente a los que trabajan en Catalu\u00f1a y que sufren la presi\u00f3n del independentismo. Rivera ha recordado c\u00f3mo el Tribunal Superior de Justicia de Catalu\u00f1a fue literalmente rodeado en septiembre por los seguidores separatistas, liderados por la propia presidenta del Parlament, hoy en prisi\u00f3n. \u00abEs una obligaci\u00f3n democr\u00e1tica defender a los que defienden al Estado de Derecho\u00bb, ha asegurado este lunes el l\u00edder de Cs, Albert Rivera, justo antes de registrar su proposici\u00f3n no de ley sobre el asunto. \u00abSe rodean juzgados, se pinchan ruedas, se\u00f1alan hogares o a sus familias simplemente por ser funcionarios y hacer sus deberes\u00bb, ha denunciado Rivera haciendo hincapi\u00e9 en el hostigamiento a Llarena, que tuvo que abandonar un restaurante en Catalu\u00f1a por la presi\u00f3n de algunos radicales y su casa en Gerona fue rodeada con pintadas intimidatorias. Ciudadanos quiere que el Congreso \u00abcondene el acoso, se\u00f1alamiento y persecuci\u00f3n sufridos por el magistrado Pablo Llarena y su familia derivados del cumplimento de sus funciones como instructor\u00bb de la causa contra el proceso separatista. Petici\u00f3n de comparecencia urgente El PP ha registrado en paralelo una petici\u00f3n de comparecencia urgente para que la ministra de Justicia, Dolores Delgado, explique ante la C\u00e1mara c\u00f3mo defender\u00e1 al magistrado en la causa abierta contra \u00e9l en un juzgado de B\u00e9lgica despu\u00e9s de que un juez haya atendido la demanda de Puigdemont y cuatro de sus ex consejeros, todos ellos fugados de la justicia espa\u00f1ola, acus\u00e1ndole de imparcialidad. Casado salud\u00f3 la rectificaci\u00f3n del Gobierno, que ayer anunci\u00f3 que contratar\u00e1 a un abogado pero critic\u00f3 \u00ablos bandazos\u00bb del PSOE en esta cuesti\u00f3n. La portavoz adjunta de Podemos, Ione Belarra, ha manifestado que su grupo no dar\u00e1 cobertura alguna Llarena y critica que el Gobierno costee con los \u00abimpuestos de los espa\u00f1oles\u00bb la defensa en B\u00e9lgica sobre una \u00abcuesti\u00f3n privada\u00bb del juez. La diputada de Podemos tambi\u00e9n ha opinado que es leg\u00edtimo que los ciudadanos coloquen lazos amarillos en las calles de Catalu\u00f1a como expresi\u00f3n pol\u00edtica, y sin embargo considera que quienes los retiran est\u00e1n \u00abtomando la justicia por su mano\u00bb, criminaliz\u00e1ndolos.<br \/>\nVia: <a href=\"https:\/\/www.abc.es\/espana\/abci-rivera-pide-congreso-exiga-gobierno-apoyar-sin-fisuras-juez-llarena-201808271231_noticia.html\" target=\"_blank\">Rivera pide al Congreso que condene el \u00abacoso\u00bb a Llarena<\/a><\/p>\n","protected":false},"excerpt":{"rendered":"<p>El Congreso debatir\u00e1 sobre la situaci\u00f3n del juez instructor del proc\u00e9s, Pablo Llarena, demandado por Carles Puigdemont y otros dirigentes separatistas ante un juez belga. Ciudadanos ha registrado una iniciativa para que la C\u00e1mara inste al Gobierno a que asuma la defensa del magistrado del Tribunal Supremo ante la estrategia [&hellip;]<\/p>\n","protected":false},"author":2,"featured_media":55885,"comment_status":"open","ping_status":"closed","sticky":false,"template":"","format":"standard","meta":{"footnotes":""},"categories":[6],"tags":[],"class_list":["post-55884","post","type-post","status-publish","format-standard","has-post-thumbnail","hentry","category-spanish"],"_links":{"self":[{"href":"https:\/\/theworldwidejournal.com\/index.php?rest_route=\/wp\/v2\/posts\/55884","targetHints":{"allow":["GET"]}}],"collection":[{"href":"https:\/\/theworldwidejournal.com\/index.php?rest_route=\/wp\/v2\/posts"}],"about":[{"href":"https:\/\/theworldwidejournal.com\/index.php?rest_route=\/wp\/v2\/types\/post"}],"author":[{"embeddable":true,"href":"https:\/\/theworldwidejournal.com\/index.php?rest_route=\/wp\/v2\/users\/2"}],"replies":[{"embeddable":true,"href":"https:\/\/theworldwidejournal.com\/index.php?rest_route=%2Fwp%2Fv2%2Fcomments&post=55884"}],"version-history":[{"count":0,"href":"https:\/\/theworldwidejournal.com\/index.php?rest_route=\/wp\/v2\/posts\/55884\/revisions"}],"wp:featuredmedia":[{"embeddable":true,"href":"https:\/\/theworldwidejournal.com\/index.php?rest_route=\/wp\/v2\/media\/55885"}],"wp:attachment":[{"href":"https:\/\/theworldwidejournal.com\/index.php?rest_route=%2Fwp%2Fv2%2Fmedia&parent=55884"}],"wp:term":[{"taxonomy":"category","embeddable":true,"href":"https:\/\/theworldwidejournal.com\/index.php?rest_route=%2Fwp%2Fv2%2Fcategories&post=55884"},{"taxonomy":"post_tag","embeddable":true,"href":"https:\/\/theworldwidejournal.com\/index.php?rest_route=%2Fwp%2Fv2%2Ftags&post=55884"}],"curies":[{"name":"wp","href":"https:\/\/api.w.org\/{rel}","templated":true}]}}