{"id":55886,"date":"1970-01-01T01:00:00","date_gmt":"1970-01-01T00:00:00","guid":{"rendered":"https:\/\/theworldwidejournal.com\/1970\/01\/01\/muere-alfonso-osorio-hombre-clave-de-la-transicion\/"},"modified":"1970-01-01T01:00:00","modified_gmt":"1970-01-01T00:00:00","slug":"muere-alfonso-osorio-hombre-clave-de-la-transicion","status":"publish","type":"post","link":"https:\/\/theworldwidejournal.com\/?p=55886","title":{"rendered":"Muere Alfonso Osorio, hombre clave de la Transici\u00f3n"},"content":{"rendered":"<p>Alfonso Osorio, ministro de la Presidencia durante la Transici\u00f3n, ha fallecido hoy en Santander a los 94 a\u00f1os, seg\u00fan han confirmado fuentes cercanas a este diario. Mon\u00e1rquico de convicci\u00f3n y hombre de confianza de Adolfo Su\u00e1rez. Alfonso Osorio fue uno de los protagonistas de la Transici\u00f3n espa\u00f1ola primero desde el Gobierno y luego desde el Senado. Suyos son buena parte de los nombres que conformaron el primer Gobierno de Su\u00e1rez e, incluso, m\u00e1s adelante este le ofreci\u00f3 presidir el Senado. Tras el primer Gobierno de Su\u00e1rez, fue nombrado senador por designaci\u00f3n real, una figura ya extinta, pero que \u00e9l se empe\u00f1a en tratar de recuperar. Osorio naci\u00f3 el 13 de noviembre de 1923 en Santander y fue un personaje clave en la historia contempor\u00e1nea de Espa\u00f1a, pol\u00edtico, miembro del Cuerpo Jur\u00eddico Militar del Ej\u00e9rcito del Aire y abogado del Estado, adem\u00e1s de tambi\u00e9n procurador a Cortes entre 1965 y 1971, seg\u00fan explic\u00f3 Efe. Medalla de Oro de Cantabria En 1979 abandon\u00f3 el Gobierno y se present\u00f3 a las elecciones integrado en la lista de Coalici\u00f3n Democr\u00e1tica. En abril de 2011 el Gobierno de Cantabria le otorg\u00f3 de manos de su entonces presidente Miguel \u00c1ngel Revilla, la Medalla de Oro de la comunidad, distinci\u00f3n que solo hab\u00edan logrado hasta entonces cuatro personajes de la comunidad: Gerardo Diego, Juan de Borb\u00f3n, Manuel D\u00edez de Velasco y Jos\u00e9 Sim\u00f3n Azcona. Tambi\u00e9n era poseedor de la Medalla de Oro al M\u00e9rito Europeo, la Medalla de Oro al M\u00e9rito Constitucional, Caballero de Honor de la S.O.M de Malta y las Grandes Cruces de Carlos III, Isabel la Cat\u00f3lica, San Raimundo de Pe\u00f1afort y al M\u00e9rito Civil. En 2000 public\u00f3 \u00abDe orilla a orilla\u00bb, libro que tuvo gran acogida, y que era una segunda edici\u00f3n revisada de \u00abTrayectoria pol\u00edtica de un ministro de la Corona\u00bb (1980). Escritor y ensayista Con motivo de la presentaci\u00f3n de este libro, Alfonso Osorio reivindic\u00f3 para el rey Juan Carlos el \u00abprotagonismo m\u00e1ximo\u00bb de la Transici\u00f3n, de quien dijo que si hubiera mostrado una postura \u00abreticente al cambio\u00bb \u00e9sta no se hubiera producido. \u00abEscrito desde la derecha\u00bb y \u00abCantabria un nombre propio\u00bb y m\u00e1s recientemente, en 2003 y junto a Gabriel Cardona, public\u00f3 sendos ensayos sobre la cara y la cruz de la actuaci\u00f3n pol\u00edtica de Alfonso XIII. Estaba en posesi\u00f3n importantes condecoraciones como la Gran Cruz de Isabel La Cat\u00f3lica, la de Carlos III, la de San Raimundo de Pe\u00f1afort y la del M\u00e9rito Civil. Recibi\u00f3 la Medalla de Oro al M\u00e9rito Europeo (1987), por su contribuci\u00f3n a la transici\u00f3n pol\u00edtica espa\u00f1ola y la Medalla de Oro al M\u00e9rito Constitucional. En octubre de 2014, fue uno de los ocho exministros franquistas que orden\u00f3 detener la jueza argentina Mar\u00eda Servini, en el marco de la causa que sigue desde 2010 por cr\u00edmenes de la Guerra Civil espa\u00f1ola y la dictadura.<br \/>\nVia: <a href=\"https:\/\/www.abc.es\/espana\/abci-muere-alfonso-osorio-hombre-clave-transicion-201808271234_noticia.html\" target=\"_blank\">Muere Alfonso Osorio, hombre clave de la Transici\u00f3n<\/a><\/p>\n","protected":false},"excerpt":{"rendered":"<p>Alfonso Osorio, ministro de la Presidencia durante la Transici\u00f3n, ha fallecido hoy en Santander a los 94 a\u00f1os, seg\u00fan han confirmado fuentes cercanas a este diario. Mon\u00e1rquico de convicci\u00f3n y hombre de confianza de Adolfo Su\u00e1rez. Alfonso Osorio fue uno de los protagonistas de la Transici\u00f3n espa\u00f1ola primero desde el [&hellip;]<\/p>\n","protected":false},"author":2,"featured_media":55887,"comment_status":"open","ping_status":"closed","sticky":false,"template":"","format":"standard","meta":{"footnotes":""},"categories":[6],"tags":[],"class_list":["post-55886","post","type-post","status-publish","format-standard","has-post-thumbnail","hentry","category-spanish"],"_links":{"self":[{"href":"https:\/\/theworldwidejournal.com\/index.php?rest_route=\/wp\/v2\/posts\/55886","targetHints":{"allow":["GET"]}}],"collection":[{"href":"https:\/\/theworldwidejournal.com\/index.php?rest_route=\/wp\/v2\/posts"}],"about":[{"href":"https:\/\/theworldwidejournal.com\/index.php?rest_route=\/wp\/v2\/types\/post"}],"author":[{"embeddable":true,"href":"https:\/\/theworldwidejournal.com\/index.php?rest_route=\/wp\/v2\/users\/2"}],"replies":[{"embeddable":true,"href":"https:\/\/theworldwidejournal.com\/index.php?rest_route=%2Fwp%2Fv2%2Fcomments&post=55886"}],"version-history":[{"count":0,"href":"https:\/\/theworldwidejournal.com\/index.php?rest_route=\/wp\/v2\/posts\/55886\/revisions"}],"wp:featuredmedia":[{"embeddable":true,"href":"https:\/\/theworldwidejournal.com\/index.php?rest_route=\/wp\/v2\/media\/55887"}],"wp:attachment":[{"href":"https:\/\/theworldwidejournal.com\/index.php?rest_route=%2Fwp%2Fv2%2Fmedia&parent=55886"}],"wp:term":[{"taxonomy":"category","embeddable":true,"href":"https:\/\/theworldwidejournal.com\/index.php?rest_route=%2Fwp%2Fv2%2Fcategories&post=55886"},{"taxonomy":"post_tag","embeddable":true,"href":"https:\/\/theworldwidejournal.com\/index.php?rest_route=%2Fwp%2Fv2%2Ftags&post=55886"}],"curies":[{"name":"wp","href":"https:\/\/api.w.org\/{rel}","templated":true}]}}