{"id":55944,"date":"1970-01-01T01:00:00","date_gmt":"1970-01-01T00:00:00","guid":{"rendered":"https:\/\/theworldwidejournal.com\/1970\/01\/01\/delgado-desoyo-a-altos-cargos-de-justicia-sobre-el-apoyo-al-juez-llarena\/"},"modified":"1970-01-01T01:00:00","modified_gmt":"1970-01-01T00:00:00","slug":"delgado-desoyo-a-altos-cargos-de-justicia-sobre-el-apoyo-al-juez-llarena","status":"publish","type":"post","link":"https:\/\/theworldwidejournal.com\/?p=55944","title":{"rendered":"Delgado desoy\u00f3 a altos cargos de Justicia sobre el apoyo al juez Llarena"},"content":{"rendered":"<p>Del abandono m\u00e1s absoluto ante las instancias judiciales europeas a la defensa \u00abhasta las \u00faltimas consecuencias\u00bb del juez Llarena. As\u00ed fue el viraje del Gobierno ante la demanda civil que el expresidente de la Generalitat Carles Puigdemont interpuso en B\u00e9lgica contra el magistrado del Tribunal Supremo por decir que en el 1-O ning\u00fan procesado est\u00e1 perseguido por sus ideas, sino por la presunta comisi\u00f3n de delitos tipificados en el C\u00f3digo Penal. En apenas cuatro d\u00edas, el Ejecutivo de Pedro S\u00e1nchez obligaba a la titular de Justicia, Dolores Delgado, a rectificar su postura inicial y a asumir la defensa del juez ante B\u00e9lgica sin establecer ning\u00fan tipo de l\u00ednea divisoria entre el \u00e1mbito privado del juez y el ataque a la soberan\u00eda jurisdiccional espa\u00f1ola. Seg\u00fan ha podido saber ABC, tras una reuni\u00f3n que la Abogac\u00eda del Estado y altos cargos de Justicia mantuvieron en el Ministerio el pasado jueves por la ma\u00f1ana para analizar el amparo al magistrado por parte del Consejo General del Poder Judicial, se aconsej\u00f3 a Delgado la personaci\u00f3n del Ejecutivo en la causa abierta contra Llarena en B\u00e9lgica al considerar que se cuestionaba la independencia judicial espa\u00f1ola. Desoyendo este consejo, Delgado opt\u00f3 por establecer esa l\u00ednea divisoria entre el ataque a la soberan\u00eda jurisdiccional espa\u00f1ola y las responsabilidades que los independentistas exig\u00edan al juez a t\u00edtulo particular. Y fruto de esa decisi\u00f3n fue la nota de prensa emitida el jueves por la noche, una iniciativa que varios miembros del Ejecutivo no compart\u00edan pero que a\u00fan as\u00ed fue apoyada por la portavoz del Gobierno, Isabel Cela\u00e1 en la rueda de prensa posterior al Consejo de Ministros. Eso s\u00ed, sin una referencia expl\u00edcita a ese \u00ab\u00e1mbito privado\u00bb de las declaraciones de Llarena. Fue la reuni\u00f3n informal de ministros el s\u00e1bado en la finca toledana de Quintos de Mora la que supuso un punto de inflexi\u00f3n en la postura del Gobierno. Ministros de peso y larga trayectoria pol\u00edtica, inc\u00f3modos con los matices en la defensa del Estado espa\u00f1ol, hicieron ver a S\u00e1nchez que, tras el apoyo incondicional que horas antes todas las asociaciones de jueces y fiscales hab\u00edan brindado al magistrado -a excepci\u00f3n de Jueces para la Democracia-, el Ejecutivo se quedaba solo. La imagen de esos colectivos y del propio CGPJ enfrentado con el Gobierno y costeando la defensa en el extranjero de un representante del Estado de Derecho espa\u00f1ol era inasumible. No era la primera vez que a S\u00e1nchez le llegaba esta advertencia -la Abogac\u00eda del Estado ya aconsej\u00f3 esta personaci\u00f3n en su informe del 31 de julio-, pero ese comunicado de jueces y fiscales (incluso de la asociaci\u00f3n de la que hasta hace dos meses formaba parte la ministra Delgado, la Uni\u00f3n Progresista de Fiscales) fue decisivo para el cambio de rumbo de Gobierno, una rectificaci\u00f3n que Pedro S\u00e1nchez quiso asumir como propia. Por eso el comunicado de defensa al magistrado parti\u00f3 de La Moncloa y no desde el Ministerio de Justicia, de donde hab\u00eda salido el del jueves por la noche aquel que supeditaba la personaci\u00f3n en la causa a que el juez belga cuestionara datos o hechos relacionados con la causa del 1-O. La gira que Pedro S\u00e1nchez comenz\u00f3 ayer lunes por Latinoam\u00e9rica precipitaba la respuesta del Gobierno y obligaba a difundir la nota un domingo por la tarde. Justicia ya ha iniciado los tr\u00e1mites para contratar los servicios de un despacho de abogados belga que se haga cargo de la defensa de Espa\u00f1a y de Llarena, se\u00f1alaba. S\u00e1nchez zanjaba as\u00ed el asunto antes de emprender su viaje oficial. No quer\u00eda que prosiguiera la pol\u00e9mica estando \u00e9l fuera. As\u00ed se lo comunic\u00f3 a la ministra Delgado, que asumi\u00f3 la rectificaci\u00f3n, aunque p\u00fablicamente no s\u00f3lo no ha entonado el mea culpa, sino que defiende que en el Ministerio no ha habido ning\u00fan cambio de criterio. Los \u00absocios\u00bb de S\u00e1nchez critican que el Gobierno d\u00e9 cobertura al magistrado El quiebro del Ejecutivo ofreciendo ahora dar cobertura legal al juez Pablo Llarena en la demanda interpuesta por dirigentes separatistas contra \u00e9l en B\u00e9lgica, le ha abierto a Pedro S\u00e1nchez otra v\u00eda de agua con los \u00absocios\u00bb parlamentarios que le auparon a La Moncloa. Podemos rechaz\u00f3 que el Estado le defienda por considerar que la justicia belga le investiga en \u00absu \u00e1mbito privado\u00bb y no por defender la legalidad en Catalu\u00f1a. Varios dirigentes, entre ellos Pablo Echenique y Ione Belarra, criticaron que se costee \u00abcon el dinero de todos\u00bb la defensa del magistrado. Los independentistas denunciaron el giro del Gobierno. Rufi\u00e1n (ERC) llam\u00f3 al juez \u00ablacayo de G\u00e9nova 13\u00bb y acus\u00f3 a S\u00e1nchez de \u00abpoca valent\u00eda\u00bb. Campuzano (PDECat) le acus\u00f3 de \u00abamedrantarse\u00bb por \u00abla presi\u00f3n de la derecha judicial, medi\u00e1tica y pol\u00edtica\u00bb.<br \/>\nVia: <a href=\"https:\/\/www.abc.es\/espana\/abci-delgado-desoyo-altos-cargos-justicia-sobre-apoyo-juez-llarena-201808272313_noticia.html\" target=\"_blank\">Delgado desoy\u00f3 a altos cargos de Justicia sobre el apoyo al juez Llarena<\/a><\/p>\n","protected":false},"excerpt":{"rendered":"<p>Del abandono m\u00e1s absoluto ante las instancias judiciales europeas a la defensa \u00abhasta las \u00faltimas consecuencias\u00bb del juez Llarena. As\u00ed fue el viraje del Gobierno ante la demanda civil que el expresidente de la Generalitat Carles Puigdemont interpuso en B\u00e9lgica contra el magistrado del Tribunal Supremo por decir que en [&hellip;]<\/p>\n","protected":false},"author":2,"featured_media":55945,"comment_status":"open","ping_status":"closed","sticky":false,"template":"","format":"standard","meta":{"footnotes":""},"categories":[6],"tags":[],"class_list":["post-55944","post","type-post","status-publish","format-standard","has-post-thumbnail","hentry","category-spanish"],"_links":{"self":[{"href":"https:\/\/theworldwidejournal.com\/index.php?rest_route=\/wp\/v2\/posts\/55944","targetHints":{"allow":["GET"]}}],"collection":[{"href":"https:\/\/theworldwidejournal.com\/index.php?rest_route=\/wp\/v2\/posts"}],"about":[{"href":"https:\/\/theworldwidejournal.com\/index.php?rest_route=\/wp\/v2\/types\/post"}],"author":[{"embeddable":true,"href":"https:\/\/theworldwidejournal.com\/index.php?rest_route=\/wp\/v2\/users\/2"}],"replies":[{"embeddable":true,"href":"https:\/\/theworldwidejournal.com\/index.php?rest_route=%2Fwp%2Fv2%2Fcomments&post=55944"}],"version-history":[{"count":0,"href":"https:\/\/theworldwidejournal.com\/index.php?rest_route=\/wp\/v2\/posts\/55944\/revisions"}],"wp:featuredmedia":[{"embeddable":true,"href":"https:\/\/theworldwidejournal.com\/index.php?rest_route=\/wp\/v2\/media\/55945"}],"wp:attachment":[{"href":"https:\/\/theworldwidejournal.com\/index.php?rest_route=%2Fwp%2Fv2%2Fmedia&parent=55944"}],"wp:term":[{"taxonomy":"category","embeddable":true,"href":"https:\/\/theworldwidejournal.com\/index.php?rest_route=%2Fwp%2Fv2%2Fcategories&post=55944"},{"taxonomy":"post_tag","embeddable":true,"href":"https:\/\/theworldwidejournal.com\/index.php?rest_route=%2Fwp%2Fv2%2Ftags&post=55944"}],"curies":[{"name":"wp","href":"https:\/\/api.w.org\/{rel}","templated":true}]}}