{"id":55946,"date":"1970-01-01T01:00:00","date_gmt":"1970-01-01T00:00:00","guid":{"rendered":"https:\/\/theworldwidejournal.com\/1970\/01\/01\/teodoro-garcia-egea-a-sanchez-le-importan-mas-sus-socios-que-condenar-la-agresion-a-una-inocente\/"},"modified":"1970-01-01T01:00:00","modified_gmt":"1970-01-01T00:00:00","slug":"teodoro-garcia-egea-a-sanchez-le-importan-mas-sus-socios-que-condenar-la-agresion-a-una-inocente","status":"publish","type":"post","link":"https:\/\/theworldwidejournal.com\/?p=55946","title":{"rendered":"Teodoro Garc\u00eda Egea: \u00abA S\u00e1nchez le importan m\u00e1s sus socios que condenar la agresi\u00f3n a una inocente\u00bb"},"content":{"rendered":"<p>El secretario general del Partido Popular no ha parado en vacaciones. La actualidad pol\u00edtica no cesa y las \u00faltimas rectificaciones del Gobierno \u2013la inmigraci\u00f3n o el respaldo al juez Llarena\u2013 son una munici\u00f3n impagable para el Partido Popular. Cree que no hay tiempo que perder y que su labor de oposici\u00f3n debe ser implacable para superar las cortinas de humo \u2013la exhumaci\u00f3n de Franco\u2013 y poner en el centro de la pol\u00edtica \u00ablas cuestiones que interesan a los ciudadanos\u00bb, como la econom\u00eda o el desaf\u00edo soberanista. A sus 33 a\u00f1os, Teodoro Garc\u00eda Egea (Cieza, 1985) representa un discurso moderno, renovador y exigente con el Gobierno. Ustedes han condenado la agresi\u00f3n del s\u00e1bado en Barcelona, pero ha habido silencios sospechosos y condenas demasiado gen\u00e9ricas&#8230; La trivializaci\u00f3n de las agresiones hace mucho da\u00f1o a la democracia. La agresi\u00f3n a estas personas que no hac\u00edan otra cosa que defender la libertad de todos en Catalu\u00f1a la comparo con la agresi\u00f3n que sufrieron los guardias civiles por defender la libertad de Alsasua. No comparo la agresi\u00f3n en s\u00ed, sino la trivializaci\u00f3n que muchos han hecho. Hay gente que dec\u00eda que la agresi\u00f3n a dos guardias civiles y a sus mujeres era una pelea de bar, cuando fue un acto de amedrentamiento a las fuerzas y cuerpos de seguridad del Estado. Aqu\u00ed hay quien con su silencio c\u00f3mplice ha intentado reducir a una an\u00e9cdota esta agresi\u00f3n, que al final lo que esconde es un intento de amedrentar a todos los que pensamos que Catalu\u00f1a tambi\u00e9n es nuestra tierra. Catalu\u00f1a no es de los que ponen lazos amarillos. \u00bfNo cree que la irrupci\u00f3n de la violencia es una llamada de atenci\u00f3n que deber\u00eda ser escuchada por la clase pol\u00edtica en su conjunto? El proceso independentista est\u00e1 en v\u00eda muerta, s\u00f3lo se mantiene con respiraci\u00f3n asistida. Lo \u00fanico que le queda es la violencia, el amedrentamiento&#8230; \u00bfEl se\u00f1or S\u00e1nchez deber\u00eda haber condenado la agresi\u00f3n? Deber\u00eda. Si para el presidente del Gobierno que el president Torra diga que atacar al Estado no me puedo imaginar lo que puede pensar de esta agresi\u00f3n. Mejor que no lo diga. Ya con ese silencio c\u00f3mplice con sus socios, que tambi\u00e9n han pasado de puntillas, estamos viendo qu\u00e9 opinan. Le importa m\u00e1s qu\u00e9 opinan sus socios de \u00e9l que condenar la agresi\u00f3n a un inocente. \u00bfSi hubiese sido al rev\u00e9s en qu\u00e9 escenario estar\u00edamos? Los independentistas por mucho menos nos han llamado de todo. Trivializan las agresiones cuando son hacia sus adversarios y las magnifican cuando son hacia ellos, por muy peque\u00f1os que sean. Finalmente el Gobierno s\u00ed se ocupar\u00e1 de la defensa de Llarena en B\u00e9lgica&#8230; El Gobierno solo acierta cuando rectifica. Hemos visto c\u00f3mo ha dado la raz\u00f3n a Pablo Casado con el tema de la inmigraci\u00f3n, donde ha pasado de dar un trato especial a los inmigrantes del Aquarius a devolver en menos de 24 horas a los que saltaron la valla. Si el Gobierno no respalda la actuaci\u00f3n de jueces y fiscales est\u00e1 devaluando la calidad de nuestra democracia. \u00bfUrge a S\u00e1nchez a aplicar ya el 155? Estamos muy cerca. Debe aplicarse en cuanto el se\u00f1or Torra se salte un mil\u00edmetro la legalidad constitucional. Hablemos de Francisco Franco. \u00bfLa oposici\u00f3n del PP a su exhumaci\u00f3n es exclusivamente formal? La oposici\u00f3n es exclusivamente formal, debido a la forma utilizada, pero tambi\u00e9n a que es un peaje al se\u00f1or Iglesias. El PSOE ha gobernado Espa\u00f1a durante m\u00e1s de 20 a\u00f1os y nunca ha sido urgente. Cuando un Gobierno dice que es urgente sacar a una persona que lleva cuarenta a\u00f1os enterrada y sin embargo dice que reformar el sistema de financiaci\u00f3n auton\u00f3mica puede esperar, que el AVE a los territorios donde ha parado su llegada tampoco es urgente&#8230; Hay un se\u00f1or que tiene 84 diputados y quiere llegar a 176 por decreto. Yo no me siento representado por nada de lo que ocurri\u00f3 antes de la Transici\u00f3n, porque he nacido en democracia, diez a\u00f1os despu\u00e9s de la Transici\u00f3n y de que personas de bandos contrarios se dieran un abrazo. Cualquiera sabe apreciar la val\u00eda de Federico Garc\u00eda Lorca y tambi\u00e9n la de Ramiro de Maeztu. \u00abS\u00e1nchez tiene 17 ministros, casi m\u00e1s que diputados, pero no conocemos ni una sola de las propuestas\u00bb Sea por lo que sea, el Gobierno est\u00e1 consiguiendo que el tema est\u00e9 en los medios y, al final, el PP est\u00e1 entrando al trapo. Nosotros nos vamos a abstener, no es nada nuevo porque ya nos abstuvimos en la proposici\u00f3n no de ley en el Congreso. Pero nos vamos a dedicar a mirar al futuro. S\u00e1nchez tiene 17 ministros, casi m\u00e1s que diputados, pero no conocemos ni una sola de las propuestas. Ni hemos escuchado al ministro de Fomento hacer ninguna propuesta concreta, ni al de Ciencia una propuesta de futuro, ni a la de Educaci\u00f3n&#8230; Recordemos lo beligerante que era el minsitro Borrell con la causa independentista. \u00bfEst\u00e1 el se\u00f1or Borrell de acuerdo con la actitud del se\u00f1or S\u00e1nchez no condenando expl\u00edcitamente las agresiones que se producen por retirar lazos amarillos? En estos tres meses el presidente del Gobierno no ha sido muy partidario de dar ruedas de prensa&#8230; Pablo Casado ha dado m\u00e1s ruedas de prensa que todo el Gobierno junto en estos tres meses y eso habr\u00eda que hac\u00e9rselo mirar. Lo de Franco est\u00e1 muy bien, pero la gente espera poder subir la persiana todos los d\u00edas y que no le suban el di\u00e9sel y los impuestos y poder vivir en paz. Al final, a la izquierda le renta agitar el fantasma de Franco. Hay un paralelismo con Zapatero: una de las primeras cosas que hizo fue quitar una estatua de Franco. Ellos quiz\u00e1 se consideran de uno de los bandos que particip\u00f3 en la Guerra Civil. Yo me considero una persona dem\u00f3crata y me siento plenamente identificado con la Transici\u00f3n. El d\u00eda que falleci\u00f3 Santiago Carrillo yo les d\u00ed el p\u00e9same y destaqu\u00e9 su papel en la Transici\u00f3n. \u00bfCree que el Gobierno quitar\u00e1 finalmente las concertinas? Las concertinas est\u00e1n ah\u00ed para proteger la&hellip;<br \/>\nVia: <a href=\"https:\/\/www.abc.es\/espana\/abci-teodoro-garcia-egea-sanchez-importan-mas-socios-condenar-agresion-inocente-201808271709_noticia.html\" target=\"_blank\">Teodoro Garc\u00eda Egea: \u00abA S\u00e1nchez le importan m\u00e1s sus socios que condenar la agresi\u00f3n a una inocente\u00bb<\/a><\/p>\n","protected":false},"excerpt":{"rendered":"<p>El secretario general del Partido Popular no ha parado en vacaciones. La actualidad pol\u00edtica no cesa y las \u00faltimas rectificaciones del Gobierno \u2013la inmigraci\u00f3n o el respaldo al juez Llarena\u2013 son una munici\u00f3n impagable para el Partido Popular. Cree que no hay tiempo que perder y que su labor de [&hellip;]<\/p>\n","protected":false},"author":2,"featured_media":55947,"comment_status":"open","ping_status":"closed","sticky":false,"template":"","format":"standard","meta":{"footnotes":""},"categories":[6],"tags":[],"class_list":["post-55946","post","type-post","status-publish","format-standard","has-post-thumbnail","hentry","category-spanish"],"_links":{"self":[{"href":"https:\/\/theworldwidejournal.com\/index.php?rest_route=\/wp\/v2\/posts\/55946","targetHints":{"allow":["GET"]}}],"collection":[{"href":"https:\/\/theworldwidejournal.com\/index.php?rest_route=\/wp\/v2\/posts"}],"about":[{"href":"https:\/\/theworldwidejournal.com\/index.php?rest_route=\/wp\/v2\/types\/post"}],"author":[{"embeddable":true,"href":"https:\/\/theworldwidejournal.com\/index.php?rest_route=\/wp\/v2\/users\/2"}],"replies":[{"embeddable":true,"href":"https:\/\/theworldwidejournal.com\/index.php?rest_route=%2Fwp%2Fv2%2Fcomments&post=55946"}],"version-history":[{"count":0,"href":"https:\/\/theworldwidejournal.com\/index.php?rest_route=\/wp\/v2\/posts\/55946\/revisions"}],"wp:featuredmedia":[{"embeddable":true,"href":"https:\/\/theworldwidejournal.com\/index.php?rest_route=\/wp\/v2\/media\/55947"}],"wp:attachment":[{"href":"https:\/\/theworldwidejournal.com\/index.php?rest_route=%2Fwp%2Fv2%2Fmedia&parent=55946"}],"wp:term":[{"taxonomy":"category","embeddable":true,"href":"https:\/\/theworldwidejournal.com\/index.php?rest_route=%2Fwp%2Fv2%2Fcategories&post=55946"},{"taxonomy":"post_tag","embeddable":true,"href":"https:\/\/theworldwidejournal.com\/index.php?rest_route=%2Fwp%2Fv2%2Ftags&post=55946"}],"curies":[{"name":"wp","href":"https:\/\/api.w.org\/{rel}","templated":true}]}}