{"id":55948,"date":"1970-01-01T01:00:00","date_gmt":"1970-01-01T00:00:00","guid":{"rendered":"https:\/\/theworldwidejournal.com\/1970\/01\/01\/la-fiscalia-investiga-si-los-mossos-actuaron-como-la-policia-politica-de-torra\/"},"modified":"1970-01-01T01:00:00","modified_gmt":"1970-01-01T00:00:00","slug":"la-fiscalia-investiga-si-los-mossos-actuaron-como-la-policia-politica-de-torra","status":"publish","type":"post","link":"https:\/\/theworldwidejournal.com\/?p=55948","title":{"rendered":"La Fiscal\u00eda investiga si los Mossos actuaron como la \u00abpolic\u00eda pol\u00edtica\u00bb de Torra"},"content":{"rendered":"<p>La Justicia ya ha movido ficha en relaci\u00f3n a la pol\u00e9mica pol\u00edtica y callejera de los lazos amarillos. La Fiscal\u00eda Superior de Catalu\u00f1a ha exigido explicaciones a los Mossos d\u2019Esquadra por las sucesivas identificaciones efectuadas durante el mes de agosto, en varias localidades de la provincia de Tarragona, de personas que estaban arrancando lazos amarillos y retirando otros s\u00edmbolos partidistas de la causa independentista o de apoyo a los pol\u00edticos presos catalanes. El fiscal pretende saber si los Mossos se extralimitaron y actuaron por motivos ideol\u00f3gicos, en definitiva, si tal y como denuncia la oposici\u00f3n, el cuerpo est\u00e1 actuando como una \u00abpolic\u00eda pol\u00edtica\u00bb a las \u00f3rdenes del presidente Quim Torra y el independentismo. Todo parte de un escrito que el exdiputado de Ciudadanos y presidente de la asociaci\u00f3n Impulso Ciudadano, Jos\u00e9 Domingo, remiti\u00f3 al ministerio p\u00fablico. Hac\u00eda alusi\u00f3n a la identificaci\u00f3n, por parte de los Mossos, de 14 personas -calificados de \u00abindividuos\u00bb en la nota de prensa- en las localidades de Mora la Nova, Tivissa y Vandell\u00f3s, se\u00f1aladas como \u00abposibles autores de da\u00f1os al dominio p\u00fablico\u00bb. Fue entre el 17 y el 24 de agosto. El exdiputado consideraba que la actuaci\u00f3n de los Mossos pudo haber sido \u00abarbitraria, carente de fundamento legal y discriminatoria\u00bb. El ministerio fiscal interviene tras la denuncia presentada por la asociaci\u00f3n Impulso Ciudadano El ministerio p\u00fablico ya se ha puesto manos a la obra \u00abpara el esclarecimiento de los hechos\u00bb. Ayer, el teniente fiscal Pedro Ariche -en funciones de fiscal superior- abri\u00f3 una investigaci\u00f3n sobre el asunto y orden\u00f3 las primeras diligencias que, esencialmente, pasan por que el comisario jefe de los Mossos d\u00e9 explicaciones de lo ocurrido. A los hechos acaecidos en Mora la Nova, Tivissa y Vandell\u00f3s, el fiscal ha a\u00f1adido a la investigaci\u00f3n el episodio m\u00e1s reciente. La identificaci\u00f3n por parte de los Mossos este fin de semana, de varias personas, incluido el periodista Arcadi Espada, por pintar de rojo un lazo amarillo en una rotonda de la Ametlla de Mar, tambi\u00e9n en la provincia de Tarragona. \u00abSimbolog\u00eda partidista\u00bb El fiscal ha dado 15 d\u00edas al comisario jefe de los Mossos para aportar toda la documentaci\u00f3n. En primer lugar, quiere que la Polic\u00eda catalana identifique a los agentes que llevaron a cabo esas actuaciones y que explique \u00ablos motivos concretos\u00bb de esas intervenciones. Tambi\u00e9n deber\u00e1 detallar qu\u00e9 diligencias se practicaron y si en algunos de los casos los Mossos presentaron denuncias por v\u00eda judicial o se iniciaron expedientes sancionadores, ya que la Consejer\u00eda de Interior de la Generalitat hab\u00eda aludido a posibles multas de entre 601 y 30.000 euros por unas infracciones que calificaba de graves, mencionando una posible infracci\u00f3n de la ley de Seguridad Ciudadana, tambi\u00e9n conocida como \u00abley mordaza\u00bb. Id\u00e9ntica orden ha dado el fiscal al alcalde del Ayuntamiento de L\u2019Ametlla de Mar, el independentista Jordi Gaseni Blanch (ERC), por lo que aconteci\u00f3 en la localidad la noche del 24 de agosto, pues la Polic\u00eda Local colabor\u00f3 con los Mossos en esta actuaci\u00f3n, con lo que tambi\u00e9n deber\u00e1n ser identificado los agentes municipales. El alcalde Gaseni calific\u00f3 de \u00abbichos\u00bb a los identificados. Adem\u00e1s de intentar saber los detalles de estas acciones concretas de la Polic\u00eda catalana, el fiscal exige explicaciones \u00absobre las pautas o criterios de actuaci\u00f3n\u00bb que los Mossos siguen \u00abcon relaci\u00f3n a eventuales actuaciones de retirada de simbolog\u00eda partidista reivindicativa de la v\u00eda p\u00fablica por parte de particulares\u00bb. Y, tambi\u00e9n, que le comunique si los Mossos han llevado a cabo otras \u00abactuaciones de la misma naturaleza\u00bb. La intervenci\u00f3n de la Fiscal\u00eda sirvi\u00f3 para que los partidos secesionistas y el gobierno catal\u00e1n redoblaran las cr\u00edticas ante lo que consideran que es un intento de criminalizar tanto a los Mossos como al independentismo en general. Desde Waterloo, el presidente Quim Torra calific\u00f3 de \u00aberr\u00f3nea\u00bb la decisi\u00f3n del ministerio fiscal. \u00ab\u00bfC\u00f3mo puede ser que la Fiscal\u00eda no investigue los hechos del 1 de octubre?, \u00bfque no investigue a los asistentes al Valle de los Ca\u00eddos que cantan himnos franquistas y en cambio se atrevan a investigar a los Mossos que hacen su trabajo?\u00bb, apunt\u00f3 Torra. El consejero Buch desaira a Marlaska, que pidi\u00f3 abordar la pol\u00e9mica en la Junta de Seguridad \u00abHac\u00edan su trabajo correctamente, porque delante de un grupo que act\u00faa de noche, con armas blancas, cualquier polic\u00eda del mundo actuar\u00eda as\u00ed\u00bb, apunt\u00f3 en relaci\u00f3n a las identificaciones de Tarragona. Adem\u00e1s de defender a los Mossos, el independentismo sali\u00f3 ayer en tromba contra el PP, y de manera particular Ciudadanos, por denunciar como una agresi\u00f3n con motivaciones pol\u00edticas lo sucedido el s\u00e1bado en Barcelona, cuando una mujer fue agredida por quitar lazos amarillos, seg\u00fan la versi\u00f3n de la v\u00edctima. Hay \u00abuna ingenier\u00eda de confrontaci\u00f3n\u00bb que est\u00e1 usando \u00abtodos sus recursos, hasta los medi\u00e1ticos\u00bb e \u00abintoxicando con hechos y fotograf\u00edas falsas\u00bb para crear una \u00abfractura\u00bb, apunt\u00f3 el expresidente. \u00abEst\u00e1n flirteando con la violencia\u00bb. A modo de advertencia, el consejero de Interior, Miquel Buch, se opuso en una carta al ministro Fernando Grande- Marlaska a que en la pr\u00f3xima Junta de Seguridad aborde la pol\u00e9mica de los lazos amarillos, tal y como hab\u00eda reclamado el segundo. En este sentido, Buch record\u00f3 que \u00abla convivencia en el espacio p\u00fablico\u00bb es una competencia exclusiva de la Generalitat. La delegada en Catalu\u00f1a, Teresa Cunillera, pidi\u00f3 a Torra la necesidad \u00abaislar aquellas actuaciones\u00bb que \u00abmalmetan el marco de convivencia\u00bb. El esposo de la mujer agredida: La motivaci\u00f3n fue pol\u00edtica El marido de la mujer agredida el pasado s\u00e1bado por la tarde en Barcelona mientras quitaba lazos amarillos insisti\u00f3 ayer en que el motivo del ataque fue porque estaban retirando estos s\u00edmbolos, y no por echarlos al suelo, como alega el atacante para asegurar que no hubo motivaci\u00f3n pol\u00edtica, sino que fue una discusi\u00f3n por civismo. \u00abLa recriminaci\u00f3n fue por quitar los lazos y a continuaci\u00f3n nos amenaz\u00f3 con llamar a la polic\u00eda porque ensuci\u00e1bamos el suelo\u00bb, apunt\u00f3 el marido. \u00abFue por sacar los lazos, y eso es motivaci\u00f3n pol\u00edtica\u00bb, explic\u00f3 a Efe. Por el momento, no han presentado denuncia porque la mujer est\u00e1 en cama y fuertemente&hellip;<br \/>\nVia: <a href=\"https:\/\/www.abc.es\/espana\/abci-fiscalia-investiga-si-mossos-actuaron-como-policia-politica-torra-201808280151_noticia.html\" target=\"_blank\">La Fiscal\u00eda investiga si los Mossos actuaron como la \u00abpolic\u00eda pol\u00edtica\u00bb de Torra<\/a><\/p>\n","protected":false},"excerpt":{"rendered":"<p>La Justicia ya ha movido ficha en relaci\u00f3n a la pol\u00e9mica pol\u00edtica y callejera de los lazos amarillos. La Fiscal\u00eda Superior de Catalu\u00f1a ha exigido explicaciones a los Mossos d\u2019Esquadra por las sucesivas identificaciones efectuadas durante el mes de agosto, en varias localidades de la provincia de Tarragona, de personas [&hellip;]<\/p>\n","protected":false},"author":2,"featured_media":55949,"comment_status":"open","ping_status":"closed","sticky":false,"template":"","format":"standard","meta":{"footnotes":""},"categories":[6],"tags":[],"class_list":["post-55948","post","type-post","status-publish","format-standard","has-post-thumbnail","hentry","category-spanish"],"_links":{"self":[{"href":"https:\/\/theworldwidejournal.com\/index.php?rest_route=\/wp\/v2\/posts\/55948","targetHints":{"allow":["GET"]}}],"collection":[{"href":"https:\/\/theworldwidejournal.com\/index.php?rest_route=\/wp\/v2\/posts"}],"about":[{"href":"https:\/\/theworldwidejournal.com\/index.php?rest_route=\/wp\/v2\/types\/post"}],"author":[{"embeddable":true,"href":"https:\/\/theworldwidejournal.com\/index.php?rest_route=\/wp\/v2\/users\/2"}],"replies":[{"embeddable":true,"href":"https:\/\/theworldwidejournal.com\/index.php?rest_route=%2Fwp%2Fv2%2Fcomments&post=55948"}],"version-history":[{"count":0,"href":"https:\/\/theworldwidejournal.com\/index.php?rest_route=\/wp\/v2\/posts\/55948\/revisions"}],"wp:featuredmedia":[{"embeddable":true,"href":"https:\/\/theworldwidejournal.com\/index.php?rest_route=\/wp\/v2\/media\/55949"}],"wp:attachment":[{"href":"https:\/\/theworldwidejournal.com\/index.php?rest_route=%2Fwp%2Fv2%2Fmedia&parent=55948"}],"wp:term":[{"taxonomy":"category","embeddable":true,"href":"https:\/\/theworldwidejournal.com\/index.php?rest_route=%2Fwp%2Fv2%2Fcategories&post=55948"},{"taxonomy":"post_tag","embeddable":true,"href":"https:\/\/theworldwidejournal.com\/index.php?rest_route=%2Fwp%2Fv2%2Ftags&post=55948"}],"curies":[{"name":"wp","href":"https:\/\/api.w.org\/{rel}","templated":true}]}}