{"id":55952,"date":"1970-01-01T01:00:00","date_gmt":"1970-01-01T00:00:00","guid":{"rendered":"https:\/\/theworldwidejournal.com\/1970\/01\/01\/una-foto-en-la-prensa-delata-tras-20-anos-al-asesino-de-nicky\/"},"modified":"1970-01-01T01:00:00","modified_gmt":"1970-01-01T00:00:00","slug":"una-foto-en-la-prensa-delata-tras-20-anos-al-asesino-de-nicky","status":"publish","type":"post","link":"https:\/\/theworldwidejournal.com\/?p=55952","title":{"rendered":"Una foto en la prensa delata, tras 20 a\u00f1os, al asesino de Nicky"},"content":{"rendered":"<p>Era uno de los criminales m\u00e1s buscados por las autoridades holandesas en las \u00faltimas dos d\u00e9cadas. Estaba en busca y captura como \u00fanico sospechoso de agredir sexualmente y asesinar en 1998 a Nicky Verstappen, un ni\u00f1o de diez a\u00f1os, tambi\u00e9n holand\u00e9s, en un campamento de verano en el que el presunto homicida trabajaba como monitor. Una foto suya publicada en la prensa dio la pista definitiva de su paradero y la Polic\u00eda Nacional lo caz\u00f3 este fin de semana en un monte cercano a la localidad barcelonesa de Castellter\u00e7ol. Lo sorprendi\u00f3 cuando sal\u00eda a cortar le\u00f1a. Ya est\u00e1 entre rejas. Tiene 55, es holand\u00e9s y un experto en supervivencia en solitario. Una reciente investigaci\u00f3n de ADN lo identific\u00f3 como el presunto asesino del menor. Los investigadores creen que recorr\u00eda Europa buscando casas solitarias en las que trabajar a cambio de comida para escabullirse. La cooperaci\u00f3n policial internacional permiti\u00f3 descubrir que Jos B. llevaba meses viviendo en una casa solitaria en Castellter\u00e7ol, donde finalmente lo han detenido agentes de los Grupos Operativos Especiales (GOES) de la Polic\u00eda Nacional. Los hechos se remontan a 1998. El menor desapareci\u00f3 de su tienda de campa\u00f1a cuando dorm\u00eda durante un campamento de verano en la provincia holandesa de Limburgo, donde el sospechoso trabajaba como monitor. No tardaron en encontrar el cad\u00e1ver. El cuerpo fue localizado al d\u00eda siguiente. Para dar con el asesino, la Polic\u00eda holandesa puso en marcha una investigaci\u00f3n de ADN a gran escala en la regi\u00f3n de Limburgo. Seg\u00fan el diario De Telegraaf, aunque el sospechoso, Jos B., no acudi\u00f3 a la toma de muestras, pudo ser identificado a trav\u00e9s del ADN de un familiar cercano. La Polic\u00eda alemana cre\u00eda que Jos B. pod\u00eda estar en la Pen\u00ednsula Ib\u00e9rica, porque el sospechoso hab\u00eda buscado en internet \u00abpueblos espa\u00f1oles\u00bb a los que trasladarse desde su \u00faltimo lugar de residencia conocido, la localidad francesa de Sante Marie aux Mines. Pero \u00abel \u00e1rea de b\u00fasqueda era muy amplia\u00bb, seg\u00fan explic\u00f3 ayer en rueda de prensa la jefa de la Polic\u00eda de Limburgo, Ingrid Sch\u00e4fer-Poels. Sin embargo, poco despu\u00e9s lleg\u00f3 una pista definitiva. Un lector holand\u00e9s, que se ha mantenido en el anonimato, identific\u00f3 al sospechoso en una foto publicada en los medios de comunicaci\u00f3n. Sal\u00eda sentado en una tienda de campa\u00f1a en el bosque, cerca de una casa que es una especie de comuna. El c\u00edrculo estaba cerrado. Experimentado monta\u00f1ero Jos B. es un experimentado monta\u00f1ero que ha dedicado su vida al escultismo y a las actividades en la naturaleza, y que ha viajado a pa\u00edses como Nepal, India, Pakist\u00e1n e incluso ha escalado el Everest. Las autoridades holandesas lo describen como una persona capaz de sobrevivir en solitario en el bosque, usando refugios, caba\u00f1as de monta\u00f1a e incluso cuevas. Tras ser detenido, Jos B. compareci\u00f3 ayer ante la juez de la Audiencia Nacional, Carmen Lamela. Lo hizo a trav\u00e9s de videoconferencia desde un juzgado de Granollers (Barcelona). El presunto infanticida acept\u00f3 ser entregado a las autoridades holandesas, lo que agilizar\u00e1 los plazos de la extradici\u00f3n. Mientras se tramita su entrega, la magistrada, en funciones de guardia, orden\u00f3 su prisi\u00f3n provisional, comunicada y sin fianza, fundamentada en el riesgo de fuga y en la falta de suficiente arraigo en Espa\u00f1a.<br \/>\nVia: <a href=\"https:\/\/www.abc.es\/espana\/abci-foto-prensa-delata-tras-20-anos-asesino-nicky-201808272044_noticia.html\" target=\"_blank\">Una foto en la prensa delata, tras 20 a\u00f1os, al asesino de Nicky<\/a><\/p>\n","protected":false},"excerpt":{"rendered":"<p>Era uno de los criminales m\u00e1s buscados por las autoridades holandesas en las \u00faltimas dos d\u00e9cadas. Estaba en busca y captura como \u00fanico sospechoso de agredir sexualmente y asesinar en 1998 a Nicky Verstappen, un ni\u00f1o de diez a\u00f1os, tambi\u00e9n holand\u00e9s, en un campamento de verano en el que el [&hellip;]<\/p>\n","protected":false},"author":2,"featured_media":55953,"comment_status":"open","ping_status":"closed","sticky":false,"template":"","format":"standard","meta":{"footnotes":""},"categories":[6],"tags":[],"class_list":["post-55952","post","type-post","status-publish","format-standard","has-post-thumbnail","hentry","category-spanish"],"_links":{"self":[{"href":"https:\/\/theworldwidejournal.com\/index.php?rest_route=\/wp\/v2\/posts\/55952","targetHints":{"allow":["GET"]}}],"collection":[{"href":"https:\/\/theworldwidejournal.com\/index.php?rest_route=\/wp\/v2\/posts"}],"about":[{"href":"https:\/\/theworldwidejournal.com\/index.php?rest_route=\/wp\/v2\/types\/post"}],"author":[{"embeddable":true,"href":"https:\/\/theworldwidejournal.com\/index.php?rest_route=\/wp\/v2\/users\/2"}],"replies":[{"embeddable":true,"href":"https:\/\/theworldwidejournal.com\/index.php?rest_route=%2Fwp%2Fv2%2Fcomments&post=55952"}],"version-history":[{"count":0,"href":"https:\/\/theworldwidejournal.com\/index.php?rest_route=\/wp\/v2\/posts\/55952\/revisions"}],"wp:featuredmedia":[{"embeddable":true,"href":"https:\/\/theworldwidejournal.com\/index.php?rest_route=\/wp\/v2\/media\/55953"}],"wp:attachment":[{"href":"https:\/\/theworldwidejournal.com\/index.php?rest_route=%2Fwp%2Fv2%2Fmedia&parent=55952"}],"wp:term":[{"taxonomy":"category","embeddable":true,"href":"https:\/\/theworldwidejournal.com\/index.php?rest_route=%2Fwp%2Fv2%2Fcategories&post=55952"},{"taxonomy":"post_tag","embeddable":true,"href":"https:\/\/theworldwidejournal.com\/index.php?rest_route=%2Fwp%2Fv2%2Ftags&post=55952"}],"curies":[{"name":"wp","href":"https:\/\/api.w.org\/{rel}","templated":true}]}}