{"id":56085,"date":"1970-01-01T01:00:00","date_gmt":"1970-01-01T00:00:00","guid":{"rendered":"https:\/\/theworldwidejournal.com\/1970\/01\/01\/baltasar-garzon-coloniza-la-justicia-universal-en-el-ministerio-de-delgado\/"},"modified":"1970-01-01T01:00:00","modified_gmt":"1970-01-01T00:00:00","slug":"baltasar-garzon-coloniza-la-justicia-universal-en-el-ministerio-de-delgado","status":"publish","type":"post","link":"https:\/\/theworldwidejournal.com\/?p=56085","title":{"rendered":"Baltasar Garz\u00f3n \u00abcoloniza\u00bb la justicia universal en el Ministerio de Delgado"},"content":{"rendered":"<p>Inhabilitado como juez pero restituido moralmente en algunos de los movimientos que Pedro S\u00e1nchez ha llevado a cabo en sus casi tres meses de gobierno, entre ellos la exhumaci\u00f3n de Franco y ahora el impulso a la justicia universal. La sombra de Baltasar Garz\u00f3n, inhabilitado por el Tribunal Supremo por las escuchas entre abogados e imputados de G\u00fcrtel, planea sin disimulo por el Ministerio de Justicia de Dolores Delgado , con la que mantiene una estrecha amistad desde que ambos coincidieron en la Audiencia Nacional (\u00e9l como instructor y ella como fiscal) y consiguieron, entre otros hitos, la primera condena por genocidio a un militar argentino, el capit\u00e1n de corbeta Adolfo Scilingo. Solo desde la relaci\u00f3n de Delgado con la izquierda judicial ligada a Garz\u00f3n se puede entender el fichaje para su equipo de asesores de materia de justicia universal de cuatro expertos estrechamente vinculados al que fuera instructor , entre otros, del caso G\u00fcrtel . Se trata de Jos\u00e9 Ricardo de Prada, el ponente de la sentencia de ese caso que, extralimit\u00e1ndose del objeto de la vista, consider\u00f3 acreditada la caja B del PP; Manuel Oll\u00e9, profesor de Derecho Internacional y recientemente abogado defensor de uno de los agresores a los guardias civiles de Alsasua; Manuel Miguel Vergara, profesor de Derecho Penal, asesor de la Fundaci\u00f3n Internacional Baltasar Garz\u00f3n y abogado de su despacho privado, Ilocad; y Hern\u00e1n Hormaz\u00e1bal, catedr\u00e1tico de Derecho Penal y presidente de la Asociaci\u00f3n Pro Derechos Humanos de Espa\u00f1a. Pol\u00e9mica En plena pol\u00e9mica sobre la posici\u00f3n del Ministerio de Justicia en la defensa de Llarena ante la demanda civil de los independentistas en B\u00e9lgica, y con el anuncio de su reprobaci\u00f3n en el Senado por parte del PP, Delgado dio por constituido ayer el consejo asesor integrado por los juristas citados, un equipo que estar\u00e1 presidido por ella misma y que tendr\u00e1 como vicepresidente al secretario de Estado de Justicia, Manuel Dolz. El objetivo de este grupo es, seg\u00fan anunci\u00f3 su Departamento, proponer al Ministerio cu\u00e1les son los criterios que deben regir la reforma de la Ley Org\u00e1nica del Poder Judicial (LOPJ) que permita la recuperaci\u00f3n de la jurisdicci\u00f3n universal de los tribunales espa\u00f1oles. En definitiva, dar marcha atr\u00e1s a la reforma promovida por el Grupo Popular en 2014. Ese a\u00f1o, ante la proliferaci\u00f3n de causas en la Audiencia Nacional que estaban tensando las relaciones diplom\u00e1ticas con otros pa\u00edses, los populares decidieron limitar la justicia universal al supuesto de que el acusado fuera espa\u00f1ol o, siendo extranjero, se encontrara residiendo en Espa\u00f1a. Esta circunstancia, que restring\u00eda a\u00fan m\u00e1s lo establecido en 2009 por el Gobierno de Jos\u00e9 Luis Rodr\u00edguez Zapatero, obligaba a cerrar procedimientos como el abierto contra tres militares estadounidenses por la muerte del c\u00e1mara de Telecinco Jos\u00e9 Couso, a quien tres militares estadounidenses dispararon desde un tanque en Bagdag el 8 de abril de 2003. En su comparecencia ante la Comisi\u00f3n de Justicia del Congreso el pasado 11 de julio, Delgado ya avanz\u00f3 que la recuperaci\u00f3n de la jurisdicci\u00f3n universal es uno de los proyectos prioritarios de su departamento en esta nueva etapa, al considerar que contribuye a evitar \u00abindeseables espacios de impunidad\u00bb y que es un instrumento imprescindible en la persecuci\u00f3n de cr\u00edmenes transfronterizos y nucleares de la delincuencia organizada internacional y una eficaz herramienta en la defensa de las v\u00edctimas de cr\u00edmenes contra la humanidad. Lo que no anunci\u00f3 fue que quienes iban a integrar este grupo eran estrechos colaboradores del que fuera titular del Juzgado de Instrucci\u00f3n n\u00famero 5 de la Audiencia Nacional. Es el caso de Jos\u00e9 Ricardo de Prada, un magistrado con una ideolog\u00eda tan marcada como su capacidad para crear pol\u00e9mica. Suscribi\u00f3 un voto particular (de apoyo a Garz\u00f3n) cuando el Pleno de la Sala Penal de la Audiencia Nacional declar\u00f3 en 2008 que el instructor no era competente para abrir las fosas del franquismo; afirm\u00f3 que la \u00abtortura\u00bb a miembros de la banda terrorista ETA ha sido \u00abclara\u00bb en Espa\u00f1a; calific\u00f3 de desproporcionadas las penas a etarras y aval\u00f3 el \u00abchivatazo\u00bb policial en el bar Fais\u00e1n de Ir\u00fan. En su haber tiene tambi\u00e9n su negativa a condenar a un proetarra por una pintada de enaltecimiento a la banda porque no lleg\u00f3 a terminarla o, m\u00e1s recientemente, la ponencia del caso G\u00fcrtel en la que, fuera del objeto del proceso, dio por probada la existencia de la caja B del PP facilitando a la oposici\u00f3n la moci\u00f3n de censura que aup\u00f3 a Pedro S\u00e1nchez a La Moncloa. Compa\u00f1eros La estrecha relaci\u00f3n de Garz\u00f3n con Oll\u00e9 tambi\u00e9n viene de largo, por cuanto magistrado y letrado han coindicido en la instrucci\u00f3n de numerosas causas de justicia universal. En 2016 ambos, junto con el abogado Eduardo Ranz, presentaron un recurso ante la Sala Tercera del Tribunal Supremo en el que alegaban que el Consejo de Ministros hab\u00eda vulnerado el derecho de petici\u00f3n en su propuesta de convertir el Valle de los Ca\u00eddos en un lugar de memoria hist\u00f3rica. Entre otras cuestiones, solicitaban la exhumaci\u00f3n de Francisco Franco y Primo de Rivera del Valle de los Ca\u00eddos. En febrero de 2017 el Alto Tribunal desestimaba el recurso sin pronunciarse sobre el fondo de un asunto que hoy enarbola el Ejecutivo de S\u00e1nchez con tanta urgencia que le ha llevado a aprobar el desenterramiento del dictador por decreto-ley. M\u00e1s recientemente Oll\u00e9 ha sido el abogado defensor de uno de los ocho acusados de agredir a dos guardias civiles y sus novias en Alsasua (Navarra), una acci\u00f3n calificada por la Fiscal\u00eda como terrorista. Durante su informe final, Oll\u00e9, letrado de Julen Goikoetxea, acus\u00f3 al Ministerio P\u00fablico de \u00abtomar decisiones que sombrean el Estado totalitario\u00bb, en referencia a su petici\u00f3n de c\u00e1rcel. Se da la circunstancia de que su cliente, condenado a nueve a\u00f1os de c\u00e1rcel, fue trasladado de la prisi\u00f3n de Soto del Real a la alavesa de Zaballa el pasado 17 de agosto. Por su parte, Manuel Miguel Vergara C\u00e9spedes, es profesor de Derecho Penal en el Instituto de Empresa, asesor de la Fundaci\u00f3n Internacional Baltasar Garz\u00f3n (Fibgar), y abogado del despacho&hellip;<br \/>\nVia: <a href=\"https:\/\/www.abc.es\/espana\/abci-baltasar-garzon-coloniza-justicia-universal-ministerio-delgado-201808282051_noticia.html\" target=\"_blank\">Baltasar Garz\u00f3n \u00abcoloniza\u00bb la justicia universal en el Ministerio de Delgado<\/a><\/p>\n","protected":false},"excerpt":{"rendered":"<p>Inhabilitado como juez pero restituido moralmente en algunos de los movimientos que Pedro S\u00e1nchez ha llevado a cabo en sus casi tres meses de gobierno, entre ellos la exhumaci\u00f3n de Franco y ahora el impulso a la justicia universal. La sombra de Baltasar Garz\u00f3n, inhabilitado por el Tribunal Supremo por [&hellip;]<\/p>\n","protected":false},"author":2,"featured_media":56086,"comment_status":"open","ping_status":"closed","sticky":false,"template":"","format":"standard","meta":{"footnotes":""},"categories":[6],"tags":[],"class_list":["post-56085","post","type-post","status-publish","format-standard","has-post-thumbnail","hentry","category-spanish"],"_links":{"self":[{"href":"https:\/\/theworldwidejournal.com\/index.php?rest_route=\/wp\/v2\/posts\/56085","targetHints":{"allow":["GET"]}}],"collection":[{"href":"https:\/\/theworldwidejournal.com\/index.php?rest_route=\/wp\/v2\/posts"}],"about":[{"href":"https:\/\/theworldwidejournal.com\/index.php?rest_route=\/wp\/v2\/types\/post"}],"author":[{"embeddable":true,"href":"https:\/\/theworldwidejournal.com\/index.php?rest_route=\/wp\/v2\/users\/2"}],"replies":[{"embeddable":true,"href":"https:\/\/theworldwidejournal.com\/index.php?rest_route=%2Fwp%2Fv2%2Fcomments&post=56085"}],"version-history":[{"count":0,"href":"https:\/\/theworldwidejournal.com\/index.php?rest_route=\/wp\/v2\/posts\/56085\/revisions"}],"wp:featuredmedia":[{"embeddable":true,"href":"https:\/\/theworldwidejournal.com\/index.php?rest_route=\/wp\/v2\/media\/56086"}],"wp:attachment":[{"href":"https:\/\/theworldwidejournal.com\/index.php?rest_route=%2Fwp%2Fv2%2Fmedia&parent=56085"}],"wp:term":[{"taxonomy":"category","embeddable":true,"href":"https:\/\/theworldwidejournal.com\/index.php?rest_route=%2Fwp%2Fv2%2Fcategories&post=56085"},{"taxonomy":"post_tag","embeddable":true,"href":"https:\/\/theworldwidejournal.com\/index.php?rest_route=%2Fwp%2Fv2%2Ftags&post=56085"}],"curies":[{"name":"wp","href":"https:\/\/api.w.org\/{rel}","templated":true}]}}