{"id":56087,"date":"1970-01-01T01:00:00","date_gmt":"1970-01-01T00:00:00","guid":{"rendered":"https:\/\/theworldwidejournal.com\/1970\/01\/01\/no-me-arrepiento-de-no-haberme-ido-soy-consecuente-con-mis-decisiones\/"},"modified":"1970-01-01T01:00:00","modified_gmt":"1970-01-01T00:00:00","slug":"no-me-arrepiento-de-no-haberme-ido-soy-consecuente-con-mis-decisiones","status":"publish","type":"post","link":"https:\/\/theworldwidejournal.com\/?p=56087","title":{"rendered":"\u00abNo me arrepiento de no haberme ido. Soy consecuente con mis decisiones\u00bb"},"content":{"rendered":"<p>-Imaginamos que estar\u00e1 mejor en la c\u00e1rcel de Lledoners que en la de Estremera. M\u00e1s cerca de su familia, de sus abogados y compartiendo m\u00f3dulo con los otros l\u00edderes independentistas. Pero, \u00bfhay alguna cosa que eche de menos de la c\u00e1rcel madrile\u00f1a? -El r\u00e9gimen penitenciario es muy distinto para todos los presos. Aqu\u00ed hay muchas m\u00e1s actividades, cursos, y los funcionarios est\u00e1n mucho m\u00e1s fuera de la oficina hablando con los reclusos en los espacios comunes. De Estremera echo de menos a algunas personas (funcionarios y presos) con los que entabl\u00e9 una buena relaci\u00f3n, y el economato (mucho m\u00e1s econ\u00f3mico y mejor en todos los sentidos). -Usted se considera a s\u00ed mismo un \u00abpreso pol\u00edtico\u00bb. As\u00ed lo recoge por ejemplo su perfil de Twitter. Siguiendo esta l\u00ednea argumental, mantenerle en prisi\u00f3n ir\u00eda en contra de los Derechos Humanos. \u00bfPor qu\u00e9 entonces no exigen a la Generalitat, que ahora tiene la llave de sus celdas, que desobedezca las resoluciones judiciales y les dejen en libertad? -Mi libertad debe llegar por una cuesti\u00f3n de justicia y no por una cuesti\u00f3n de qui\u00e9n gestiona el centro penitenciario. Nuestra prisi\u00f3n preventiva va en contra, entre otras, de todas las directrices y recomendaciones del Comit\u00e9 de Ministros del Consejo de Europa. Todo esto va de escarmiento y no de justicia, como la misma instrucci\u00f3n. \u00a1Me aventuro a decir que el propio juicio! -Los investigadores consideran que ten\u00eda un papel \u00abextraordinariamente relevante\u00bb en el \u00abproc\u00e9s\u00bb. La Guardia Civil concluye que el Govern malvers\u00f3 1,4 millones para el refer\u00e9ndum ilegal del 1-O. \u00bfUs\u00f3 el Govern de Carles Puigdemont fondos p\u00fablicos para el 1-O? -No los us\u00f3. Y quedar\u00e1 acreditado. Los informes de la Guardia Civil a los que se refiere tienen grandes dosis de creatividad, supongo que para intentar justificar un relato que no se sostiene por ninguna parte, por no hablar de la parcialidad que les lleva a errores de bulto que ser\u00e1n perfectamente constatables. En la instrucci\u00f3n no se nos ha permitido. Ha sido parcial y creativa. -Usted defiende que es inocente de los delitos que el juez Pablo Llarena le atribuye. En caso de una eventual condena, especialmente por rebeli\u00f3n, la pena de prisi\u00f3n ser\u00eda muy alta. \u00bfPese a ello, puede prometer ahora que bajo ning\u00fan concepto su abogado llegar\u00e1 a un pacto con la Fiscal\u00eda para rebajar la pena a cambio de reconocer alguno de los delitos del que le acusa? -Claro. \u00bfC\u00f3mo voy a reconocer delitos que no hemos cometido? La instrucci\u00f3n es de una creatividad y parcialidad que deber\u00eda alarmar a cualquier ciudadano. Est\u00e1 en juego el legado de justicia que dejaremos a nuestros hijos. \u00bfC\u00f3mo voy a aceptar unos delitos que ni el propio juez instructor es capaz de sostener y defender en Escocia o B\u00e9lgica, por no hablar de Alemania? Es un tema de dignidad y de convicciones. Sobre qu\u00e9 tipo de justicia queremos en pleno siglo XXI, y de libertad y democracia. -Adem\u00e1s del de la Audiencia Nacional, usted tiene otro frente judicial abierto. Est\u00e1 imputado en el TSJC, junto a su esposa, por supuestamente haberle cedido patrimonio ante eventuales responsabilidad en el \u00abproc\u00e9s\u00bb y deber\u00e1n declarar en octubre. \u00bfHicieron estas operaciones por miedo a posibles embargos? \u00bfDescarta tambi\u00e9n en este caso un pacto con la Fiscal\u00eda? -De ninguna manera. Tengo muchas ganas de declarar, no solo para aclarar, sino para acreditar que no tiene nada que ver con el 1 de octubre. Estoy convencido que si la Fiscal\u00eda me hubiera pedido explicaciones antes de presentar la querella no la hubiera llegado a presentar. El pacto no me lo planteo en ning\u00fan caso. Solo dar todas las explicaciones que hasta ahora no me han pedido. -Desde su ingreso en prisi\u00f3n preventiva, y tambi\u00e9n desde la Generalitat y Junts per Catalunya, defiende que Catalu\u00f1a tiene que llevar a cabo su ejercicio a la autodeterminaci\u00f3n. Pero, entonces, \u00bfqu\u00e9 fue lo que ocurri\u00f3 el 1-O? \u00bfNo fue un refer\u00e9ndum? -Fue un refer\u00e9ndum. Cierto es que la violencia de la polic\u00eda impidi\u00f3 que se pudiera desarrollar con la normalidad democr\u00e1tica deseada. Nosotros siempre hemos defendido que las grandes decisiones, las de calado, las que marcan un antes y un despu\u00e9s en toda la sociedad, en pleno siglo XXI, las debe tomar la ciudadan\u00eda mediante su voto libre en las urnas. Es lo m\u00e1s pac\u00edfico y democr\u00e1tico. -Por otro lado, no cabe dentro de derecho internacional que Catalu\u00f1a, como sujeto pol\u00edtico, tenga derecho a la autodeterminaci\u00f3n, ya que no es un territorio colonizado ni se incumplen los derechos humanos. En este sentido, todos los pa\u00edses han reconocido esta legalidad. Pol\u00edticamente, al margen del coste personal que usted ya est\u00e1 viviendo, \u00bfno ser\u00eda m\u00e1s l\u00f3gico intentar conseguir la independencia a trav\u00e9s de cambios legales de la normativa espa\u00f1ola? -No comparto la afirmaci\u00f3n previa a la pregunta. Hay muchos argumentos y jurisprudencia en el derecho internacional que desmienten dicha afirmaci\u00f3n. Y si hubiera habido voluntad pol\u00edtica para afrontar esta realidad y conflicto incluso en el propio ordenamiento jur\u00eddico y constitucional hab\u00eda margen para hacerlo posible. El problema grave es que estos a\u00f1os hemos asistido a un cruce de poderes. El Gobierno de Espa\u00f1a ha dicho lo que era legal y lo que no, y la c\u00fapula judicial nos dicta c\u00f3mo debe ser y con quien debe ser el autogobierno en Catalu\u00f1a. El juez Llarena me envi\u00f3 a la c\u00e1rcel porque yo \u00abno garantizaba un acertado retorno del autogobierno de Catalu\u00f1a\u00bb. Lo hemos intentado todo para el acuerdo. Marta Rovira (ERC), Joan Herrera (ICV-EUiA) y yo mismo fuimos al Congreso de los Diputados con una propuesta para el acuerdo en nombre del Parlamento de Catalu\u00f1a. -Nunca m\u00e1s de la mitad de los catalanes se ha manifestado, en elecciones, favorable a la secesi\u00f3n de Catalu\u00f1a. \u00bfNo cree que forzar la posici\u00f3n de la minor\u00eda sobre la mayor\u00eda, al margen de que adem\u00e1s se haga por medios ilegales, es tensionar a la ciudadan\u00eda y que va en contra de los c\u00e1nones democr\u00e1ticos? -El s\u00ed expl\u00edcito siempre ha ganado de forma clara ante el no expl\u00edcito. El 75 %&hellip;<br \/>\nVia: <a href=\"https:\/\/www.abc.es\/espana\/catalunya\/abci-no-arrepiento-no-haberme-consecuente-decisiones-201808282050_noticia.html\" target=\"_blank\">\u00abNo me arrepiento de no haberme ido. Soy consecuente con mis decisiones\u00bb<\/a><\/p>\n","protected":false},"excerpt":{"rendered":"<p>-Imaginamos que estar\u00e1 mejor en la c\u00e1rcel de Lledoners que en la de Estremera. M\u00e1s cerca de su familia, de sus abogados y compartiendo m\u00f3dulo con los otros l\u00edderes independentistas. Pero, \u00bfhay alguna cosa que eche de menos de la c\u00e1rcel madrile\u00f1a? -El r\u00e9gimen penitenciario es muy distinto para todos [&hellip;]<\/p>\n","protected":false},"author":2,"featured_media":56088,"comment_status":"open","ping_status":"closed","sticky":false,"template":"","format":"standard","meta":{"footnotes":""},"categories":[6],"tags":[],"class_list":["post-56087","post","type-post","status-publish","format-standard","has-post-thumbnail","hentry","category-spanish"],"_links":{"self":[{"href":"https:\/\/theworldwidejournal.com\/index.php?rest_route=\/wp\/v2\/posts\/56087","targetHints":{"allow":["GET"]}}],"collection":[{"href":"https:\/\/theworldwidejournal.com\/index.php?rest_route=\/wp\/v2\/posts"}],"about":[{"href":"https:\/\/theworldwidejournal.com\/index.php?rest_route=\/wp\/v2\/types\/post"}],"author":[{"embeddable":true,"href":"https:\/\/theworldwidejournal.com\/index.php?rest_route=\/wp\/v2\/users\/2"}],"replies":[{"embeddable":true,"href":"https:\/\/theworldwidejournal.com\/index.php?rest_route=%2Fwp%2Fv2%2Fcomments&post=56087"}],"version-history":[{"count":0,"href":"https:\/\/theworldwidejournal.com\/index.php?rest_route=\/wp\/v2\/posts\/56087\/revisions"}],"wp:featuredmedia":[{"embeddable":true,"href":"https:\/\/theworldwidejournal.com\/index.php?rest_route=\/wp\/v2\/media\/56088"}],"wp:attachment":[{"href":"https:\/\/theworldwidejournal.com\/index.php?rest_route=%2Fwp%2Fv2%2Fmedia&parent=56087"}],"wp:term":[{"taxonomy":"category","embeddable":true,"href":"https:\/\/theworldwidejournal.com\/index.php?rest_route=%2Fwp%2Fv2%2Fcategories&post=56087"},{"taxonomy":"post_tag","embeddable":true,"href":"https:\/\/theworldwidejournal.com\/index.php?rest_route=%2Fwp%2Fv2%2Ftags&post=56087"}],"curies":[{"name":"wp","href":"https:\/\/api.w.org\/{rel}","templated":true}]}}