{"id":56089,"date":"1970-01-01T01:00:00","date_gmt":"1970-01-01T00:00:00","guid":{"rendered":"https:\/\/theworldwidejournal.com\/1970\/01\/01\/los-mossos-se-rebelan-dejen-ya-de-hacer-politica-con-nosotros\/"},"modified":"1970-01-01T01:00:00","modified_gmt":"1970-01-01T00:00:00","slug":"los-mossos-se-rebelan-dejen-ya-de-hacer-politica-con-nosotros","status":"publish","type":"post","link":"https:\/\/theworldwidejournal.com\/?p=56089","title":{"rendered":"Los Mossos se rebelan: \u00abDejen ya de hacer pol\u00edtica con nosotros\u00bb"},"content":{"rendered":"<p>Las denuncias por la supuesta politizaci\u00f3n de los Mossos d\u2019Esquadra por parte de la Generalitat no son nuevas. Muchos agentes alzaron la voz por lo que sucedi\u00f3 el 1 de octubre, la presunta pasividad de polic\u00eda catalana en el operativo contra el refer\u00e9ndum independentista, que se investiga por v\u00eda judicial. Ahora, la causa abierta por la Fiscal\u00eda Superior de Catalu\u00f1a por las identificaciones de los Mossos a ciudadanos que arrancaban lazos amarillos de las calles y retiraba simbolog\u00eda independentista del mobiliario urbano ha vuelto a poner al Govern de la Generalitat en la diana de las cr\u00edticas. Y, en particular, al consejero de Interior, Miquel Busch. El sindicato de la polic\u00eda catalana Uspac ha sido contundente en sus reproches al consejero. \u00abDeje, de una vez por todas, de hacer pol\u00edtica con los funcionarios del cuerpo de Mossos d\u2019Esquadra y preoc\u00fapese de nuestras condiciones de trabajo, ya que no ha movido ni un dedo desde que est\u00e1 en el cargo\u00bb. En el mismo comunicado, emitido ayer, acusan al Govern que preside Quim Torra de no preocuparse de los agentes excepto cuando se trata de utilizarlos de forma partidista. \u00abComo hicieron el 1-O y est\u00e1n haciendo ahora\u00bb, a\u00f1aden. Asumir responsabilidades La Fiscal\u00eda Superior de Catalu\u00f1a tom\u00f3 nota de la denuncia interpuesta por una entidad contraria a la independencia y el lunes orden\u00f3 sus primeras diligencias en base al anuncio a bombo y platillo de Torra y Buch de que los Mossos hab\u00edan identificado a m\u00e1s de una docena de ciudadanos que arrancaban lazos, a quienes, adem\u00e1s, amenazaban con multas de hasta 30.000 euros. Entre otras cosas, el fiscal pidi\u00f3 identificar a los agentes que hab\u00edan actuado en esa misi\u00f3n. El sindicato Uspac, por consiguiente, culpa al Govern de haberlos puesto as\u00ed en medio de un debate pol\u00edtico. \u00abComo investigados, los de siempre, los agentes de a pie, que \u00fanicamente seguimos instrucciones de nuestros mandos\u00bb. Se lo reprochan al ejecutivo de Torra. Por eso piden a Buch y a los mandos policiales que env\u00eden un escrito al fiscal \u00abasumiendo toda la responsabilidad y exculpando a cualquier agente, dado que han obedecido sus \u00f3rdenes\u00bb. Por su parte, Valent\u00edn Anad\u00f3n, portavoz de la Fepol (entidad que agrupa a los principales sindicatos policiales), mostr\u00f3 ayer en declaraciones a ABC su \u00abhartazgo\u00bb de que \u00abunos y otros\u00bb intenten politizar el cuerpo de Mossos d\u2019Esquadra. \u00abQue nos dejen al margen del debate pol\u00edtico\u00bb, exigen los sindicatos. Parece dif\u00edcil que los Mossos puedan quedar estos meses fuera de la pol\u00e9mica de la guerra de los lazos.<br \/>\nVia: <a href=\"https:\/\/www.abc.es\/espana\/abci-mossos-rebelan-dejen-hacer-politica-nosotros-201808290155_noticia.html\" target=\"_blank\">Los Mossos se rebelan: \u00abDejen ya de hacer pol\u00edtica con nosotros\u00bb<\/a><\/p>\n","protected":false},"excerpt":{"rendered":"<p>Las denuncias por la supuesta politizaci\u00f3n de los Mossos d\u2019Esquadra por parte de la Generalitat no son nuevas. Muchos agentes alzaron la voz por lo que sucedi\u00f3 el 1 de octubre, la presunta pasividad de polic\u00eda catalana en el operativo contra el refer\u00e9ndum independentista, que se investiga por v\u00eda judicial. [&hellip;]<\/p>\n","protected":false},"author":2,"featured_media":56090,"comment_status":"open","ping_status":"closed","sticky":false,"template":"","format":"standard","meta":{"footnotes":""},"categories":[6],"tags":[],"class_list":["post-56089","post","type-post","status-publish","format-standard","has-post-thumbnail","hentry","category-spanish"],"_links":{"self":[{"href":"https:\/\/theworldwidejournal.com\/index.php?rest_route=\/wp\/v2\/posts\/56089","targetHints":{"allow":["GET"]}}],"collection":[{"href":"https:\/\/theworldwidejournal.com\/index.php?rest_route=\/wp\/v2\/posts"}],"about":[{"href":"https:\/\/theworldwidejournal.com\/index.php?rest_route=\/wp\/v2\/types\/post"}],"author":[{"embeddable":true,"href":"https:\/\/theworldwidejournal.com\/index.php?rest_route=\/wp\/v2\/users\/2"}],"replies":[{"embeddable":true,"href":"https:\/\/theworldwidejournal.com\/index.php?rest_route=%2Fwp%2Fv2%2Fcomments&post=56089"}],"version-history":[{"count":0,"href":"https:\/\/theworldwidejournal.com\/index.php?rest_route=\/wp\/v2\/posts\/56089\/revisions"}],"wp:featuredmedia":[{"embeddable":true,"href":"https:\/\/theworldwidejournal.com\/index.php?rest_route=\/wp\/v2\/media\/56090"}],"wp:attachment":[{"href":"https:\/\/theworldwidejournal.com\/index.php?rest_route=%2Fwp%2Fv2%2Fmedia&parent=56089"}],"wp:term":[{"taxonomy":"category","embeddable":true,"href":"https:\/\/theworldwidejournal.com\/index.php?rest_route=%2Fwp%2Fv2%2Fcategories&post=56089"},{"taxonomy":"post_tag","embeddable":true,"href":"https:\/\/theworldwidejournal.com\/index.php?rest_route=%2Fwp%2Fv2%2Ftags&post=56089"}],"curies":[{"name":"wp","href":"https:\/\/api.w.org\/{rel}","templated":true}]}}