{"id":56091,"date":"1970-01-01T01:00:00","date_gmt":"1970-01-01T00:00:00","guid":{"rendered":"https:\/\/theworldwidejournal.com\/1970\/01\/01\/sanchez-renuncia-a-reconvertir-el-valle-de-los-caidos-en-un-centro-de-reconciliacion-y-anuncia-una-comision-de-la-verdad\/"},"modified":"1970-01-01T01:00:00","modified_gmt":"1970-01-01T00:00:00","slug":"sanchez-renuncia-a-reconvertir-el-valle-de-los-caidos-en-un-centro-de-reconciliacion-y-anuncia-una-comision-de-la-verdad","status":"publish","type":"post","link":"https:\/\/theworldwidejournal.com\/?p=56091","title":{"rendered":"S\u00e1nchez renuncia a reconvertir el Valle de los Ca\u00eddos en un centro de reconciliaci\u00f3n y anuncia una Comisi\u00f3n de la Verdad"},"content":{"rendered":"<p>El presidente del Gobierno, Pedro S\u00e1nchez, renuncia a reconvertir el Valle de los Ca\u00eddos en un centro de reconciliaci\u00f3n nacional, tal y como ha defendido el PSOE hasta el momento, y considera ahora que su futuro pasa por reorientarlo a cementerio civil. As\u00ed lo ha explicado S\u00e1nchez a la prensa en el mismo d\u00eda en que visit\u00f3 en Santiago de Chile el Museo de la Memoria, un centro de reconciliaci\u00f3n nacional tras la dictadura de Augusto Pinochet. \u00abNo puedes resignificar el Valle por su contenido simb\u00f3lico, es imposible. Veo muy dif\u00edcil que se convierta en otra cosa que no un cementerio civil\u00bb, explic\u00f3 S\u00e1nchez en conversaci\u00f3n informal con periodistas a bordo del avi\u00f3n presidencial. Preguntado por la Bas\u00edlica, el presidente del Gobierno precis\u00f3 que se respetar\u00e1. Horas despu\u00e9s, en rueda de prensa en Bolivia junto al presidente Evo Morales, S\u00e1nchez explic\u00f3 que su intenci\u00f3n es abrir un debate parlamentario y que en \u00e9l la propuesta del Gobierno ser\u00e1 que el Valle de los Ca\u00eddos \u00abtiene que ser un lugar de reposo\u00bb. No obstante, esta decisi\u00f3n de S\u00e1nchez no implica la renuncia a la construcci\u00f3n en Espa\u00f1a de un centro de la memoria, aunque no en Cuelgamuros. \u00abEn Chile nos llevan ventaja\u00bb, dijo, ensalzando las virtudes de un centro de la memoria que le result\u00f3 \u00abinspirador\u00bb. En esa proposici\u00f3n de ley presentada por S\u00e1nchez antes de ser presidente del Gobierno se establece que \u00abel Valle de los Ca\u00eddos ser\u00e1 lugar de memoria de las v\u00edctimas de la Guerra Civil espa\u00f1ola y la dictadura franquista, de acuerdo con los principios de pluralismo, reconciliaci\u00f3n, paz y democracia que consagra la Constituci\u00f3n\u00bb. Es m\u00e1s, concreta que \u00abse reconvertir\u00e1 en un centro nacional de Memoria, impulsor de la cultura de la reconciliaci\u00f3n, la memoria colectiva democr\u00e1tica y la dignificaci\u00f3n y reconocimiento de las v\u00edctimas de la Guerra Civil espa\u00f1ola y la dictadura, a trav\u00e9s de proyectos y programas culturales, muse\u00edsticos y de investigaci\u00f3n\u00bb, establece el proyecto legislativo socialista. Comisi\u00f3n de la Verdad Pese a este nuevo giro, S\u00e1nchez no renuncia a sus pretensiones iniciales en materia de memoria hist\u00f3rica. En este sentido, destac\u00f3 que en Chile opera tambi\u00e9n una Comisi\u00f3n de la Verdad, \u00f3rgano similar al que el PSOE propuso en su proposici\u00f3n de ley de memoria hist\u00f3rica: \u00abSe crea una Comisi\u00f3n de la Verdad (&#8230;) con la finalidad de conocer la verdad de lo ocurrido, contribuir al esclarecimiento de las violaciones a derechos humanos y las graves infracciones cometidas, promoviendo as\u00ed el reconocimiento de las responsabilidades de quienes participaron en la comisi\u00f3n de cr\u00edmenes\u00bb. Junto a Evo Morales explic\u00f3 que el Gobierno \u00abtiene la voluntad de crear una Comisi\u00f3n de la Verdad lo m\u00e1s plural posible, con todas las perspectivas hist\u00f3ricas sobre la guerra civil y la dictadura y que de una vez por todas se cierren las heridas en nuestro pa\u00eds\u00bb.<br \/>\nVia: <a href=\"https:\/\/www.abc.es\/espana\/abci-sanchez-renuncia-reconvertir-valle-caidos-centro-reconciliacion-y-anuncia-comision-verdad-201808290325_noticia.html\" target=\"_blank\">S\u00e1nchez renuncia a reconvertir el Valle de los Ca\u00eddos en un centro de reconciliaci\u00f3n y anuncia una Comisi\u00f3n de la Verdad<\/a><\/p>\n","protected":false},"excerpt":{"rendered":"<p>El presidente del Gobierno, Pedro S\u00e1nchez, renuncia a reconvertir el Valle de los Ca\u00eddos en un centro de reconciliaci\u00f3n nacional, tal y como ha defendido el PSOE hasta el momento, y considera ahora que su futuro pasa por reorientarlo a cementerio civil. As\u00ed lo ha explicado S\u00e1nchez a la prensa [&hellip;]<\/p>\n","protected":false},"author":2,"featured_media":56092,"comment_status":"open","ping_status":"closed","sticky":false,"template":"","format":"standard","meta":{"footnotes":""},"categories":[6],"tags":[],"class_list":["post-56091","post","type-post","status-publish","format-standard","has-post-thumbnail","hentry","category-spanish"],"_links":{"self":[{"href":"https:\/\/theworldwidejournal.com\/index.php?rest_route=\/wp\/v2\/posts\/56091","targetHints":{"allow":["GET"]}}],"collection":[{"href":"https:\/\/theworldwidejournal.com\/index.php?rest_route=\/wp\/v2\/posts"}],"about":[{"href":"https:\/\/theworldwidejournal.com\/index.php?rest_route=\/wp\/v2\/types\/post"}],"author":[{"embeddable":true,"href":"https:\/\/theworldwidejournal.com\/index.php?rest_route=\/wp\/v2\/users\/2"}],"replies":[{"embeddable":true,"href":"https:\/\/theworldwidejournal.com\/index.php?rest_route=%2Fwp%2Fv2%2Fcomments&post=56091"}],"version-history":[{"count":0,"href":"https:\/\/theworldwidejournal.com\/index.php?rest_route=\/wp\/v2\/posts\/56091\/revisions"}],"wp:featuredmedia":[{"embeddable":true,"href":"https:\/\/theworldwidejournal.com\/index.php?rest_route=\/wp\/v2\/media\/56092"}],"wp:attachment":[{"href":"https:\/\/theworldwidejournal.com\/index.php?rest_route=%2Fwp%2Fv2%2Fmedia&parent=56091"}],"wp:term":[{"taxonomy":"category","embeddable":true,"href":"https:\/\/theworldwidejournal.com\/index.php?rest_route=%2Fwp%2Fv2%2Fcategories&post=56091"},{"taxonomy":"post_tag","embeddable":true,"href":"https:\/\/theworldwidejournal.com\/index.php?rest_route=%2Fwp%2Fv2%2Ftags&post=56091"}],"curies":[{"name":"wp","href":"https:\/\/api.w.org\/{rel}","templated":true}]}}