{"id":56093,"date":"1970-01-01T01:00:00","date_gmt":"1970-01-01T00:00:00","guid":{"rendered":"https:\/\/theworldwidejournal.com\/1970\/01\/01\/sanchez-compromete-mas-gasto-a-las-puertas-de-la-desaceleracion-economica\/"},"modified":"1970-01-01T01:00:00","modified_gmt":"1970-01-01T00:00:00","slug":"sanchez-compromete-mas-gasto-a-las-puertas-de-la-desaceleracion-economica","status":"publish","type":"post","link":"https:\/\/theworldwidejournal.com\/?p=56093","title":{"rendered":"S\u00e1nchez compromete m\u00e1s gasto a las puertas de la desaceleraci\u00f3n econ\u00f3mica"},"content":{"rendered":"<p>El Gobierno socialista ha heredado una econom\u00eda espa\u00f1ola que mantiene un fuerte impulso, pero que al igual que en el resto de la Eurozona empieza a ralentizarse. El crecimiento del PIB ha ca\u00eddo a su nivel m\u00e1s bajo en cuatro a\u00f1os y la creaci\u00f3n de empleo se modera. Organismos oficiales y privados han constatado ya una desaceleraci\u00f3n que tendr\u00e1 que gestionar el Ejecutivo de S\u00e1nchez, que a\u00fan as\u00ed ya ha comprometido m\u00e1s gasto p\u00fablico. El incremento del PIB en este tercer trimestre, seg\u00fan el dato adelantado del INE, ser\u00e1 de solo el 0,6%, el m\u00e1s bajo desde junio de 2014 en t\u00e9rminos intertrimestrales. Y en t\u00e9rminos anuales se quedar\u00e1 en el 2,7%, bajando por primera vez en tres a\u00f1os de la barrera psicol\u00f3gica del 3%. \u00abEsto, junto con el aumento del n\u00famero de riesgos y su probabilidad de realizaci\u00f3n, ponen un sesgo a la baja sobre el crecimiento previsto para 2018\u00bb, avisa BBVA Research en un reciente informe. \u00abLa informaci\u00f3n coyuntural conocida hasta el momento referente al tercer trimestre de 2018 ha proporcionado se\u00f1ales de una ligera desaceleraci\u00f3n\u00bb, apunta la Autoridad Independiente de Responsabilidad Fiscal (Airef), cuyos analistas se\u00f1alan como \u00absorpresas negativas\u00bb los \u00faltimos datos de afiliaci\u00f3n a la Seguridad Social, de actividad del sector servicios y de producci\u00f3n industrial. Se\u00f1ales de alarma en el empleo El empleo es, sin duda, el indicador que refleja la buena salud de una econom\u00eda. Y Espa\u00f1a sigue creando puestos de trabajo a buen ritmo, seg\u00fan refleja la afiliaci\u00f3n, el registro m\u00e1s fiel para medir la ocupaci\u00f3n. Los datos de la Seguridad Social de julio indican que los cotizantes crecieron en el \u00faltimo a\u00f1o un 2,99%, medio mill\u00f3n m\u00e1s, y que este incremento elev\u00f3 la cifra total los 19,04 millones, la m\u00e1s alta desde agosto de 2008, justo el mes anterior a la ca\u00edda de Lehman Brothers. Sin embargo, el porcentaje de incremento comienza a reflejar un frenazo en el mercado laboral. Por primera vez desde julio de 2016 el n\u00famero de afiliados subi\u00f3 menos del 3%. En esa desaceleraci\u00f3n, est\u00e1 teniendo algo que ver el turismo. Tras a\u00f1os de encadenar r\u00e9cord este a\u00f1o el crecimiento est\u00e1 siendo m\u00e1s lento. Esto se aprecia algo en la afiliaci\u00f3n, con incrementos m\u00e1s bajos en hosteler\u00eda y comercio. Y tambi\u00e9n se aprecia en las comunidades m\u00e1s costeras. Baleares, Catalu\u00f1a, Comunidad Valenciana, Andaluc\u00eda o Murcia, que registraron en julio alzas de afiliaci\u00f3n sobre el a\u00f1o anterior m\u00e1s bajos que en 2017. Otras como Madrid o Navarra han acelerado. La afiliaci\u00f3n de aut\u00f3nomos, colectivo que ha tirado del empleo en Espa\u00f1a, refleja tambi\u00e9n una desaceleraci\u00f3n. Julio de 2018 registr\u00f3 la mayor ca\u00edda de afiliaci\u00f3n de aut\u00f3nomos desde 2009. Comparada la cifra de evoluci\u00f3n mensual (junio-julio) de la \u00faltima d\u00e9cada, julio de 2018 marca un r\u00e9cord de ca\u00edda al perder 22.261 trabajadores. La p\u00e9rdida de 22.261 aut\u00f3nomos supera por 5.763 la julio de 2009, en plena crisis. El consumo privado pierde fuelle El menor vigor de la econom\u00eda se explica por un menor dinamismo del consumo de los hogares, su principal sustento. Si hace un a\u00f1o crec\u00eda al 0,8% y en los tres primeros meses de 2018 al 0,7%, entre abril y junio solo creci\u00f3 un 0,2%, impactado por la disminuci\u00f3n de la capacidad adquisitiva derivada del repunte de la inflaci\u00f3n y el precio del petr\u00f3leo y de los bajos salarios. La actividad del sector servicios tambi\u00e9n se resiente y en julio creci\u00f3 a su menor ritmo desde 2013: el \u00edndice PMI del sector baj\u00f3 de 55,4 a 52,6 puntos. En esa l\u00ednea, el \u00edndice de producci\u00f3n industrial cay\u00f3 en junio un 0,6%. A ello hay que sumar que ahora el sector exterior ha pasado a restar crecimiento al PIB. Las exportaciones cayeron en el segundo trimestre un 1% debido a que las grandes econom\u00edas europeas, principales socios comerciales de Espa\u00f1a, tambi\u00e9n se desaceleran. As\u00ed, la demanda externa ha pasado de aportar dos d\u00e9cimas al PIB a restarle 0,2 puntos. Por si fuese poco, el sector tur\u00edstico, que ven\u00eda registrando a\u00f1o a a\u00f1o cifras r\u00e9cord, ha comenzado ya a normalizar su crecimiento. El pasado mes de julio las pernoctaciones hoteleras cayeron un 2,2% respecto al pasado verano. Sin el paraguas del BCE El Gobierno tendr\u00e1 que lidiar con esta desaceleraci\u00f3n cuando a\u00fan hay grandes desequilibrios por corregir, como el nivel de deuda p\u00fablica, que apenas ha bajado del 99% del PIB, y la tasa de paro, que duplica la de los principales socios europeos. Y tendr\u00e1 que hacerlo sin el empuje de una pol\u00edtica monetaria tan favorable, pues a final de a\u00f1o el BCE dejar\u00e1 de comprar deuda, lo que elevar\u00e1 la presi\u00f3n sobre el Tesoro, y del precio del petr\u00f3leo, que se ha disparado un 45%, lo que puede lastrar el hist\u00f3rico super\u00e1vit por cuenta corriente logrado en los \u00faltimos a\u00f1os. \u00abHaciendo uso de mi reci\u00e9n estrenada condici\u00f3n de consejero, dir\u00eda que el consejo rector ser\u00eda evitar caer en la complacencia y, por el contrario, aprovechar la expansi\u00f3n econ\u00f3mica para adoptar las medidas que permitan alcanzar un crecimiento sostenible, un mayor grado de estabilidad y un margen de maniobra m\u00e1s amplio ante eventuales crisis futuras\u00bb, dijo hace un mes el nuevo gobernador del Banco de Espa\u00f1a, Pablo Hern\u00e1ndez de Cos, al tomar posesi\u00f3n como miembro del Consejo de Estado. Cos, que aspira a reforzar el papel del Banco de Espa\u00f1a como instituci\u00f3n de alerta temprana de riesgos econ\u00f3micos y financieros, destac\u00f3 ese d\u00eda que \u00aben este contexto, se hace necesario ahondar en el proceso de consolidaci\u00f3n fiscal\u00bb. Casi todos los analistas y organismos insisten en que Espa\u00f1a debe mantener la disciplina presupuestaria teniendo en cuenta el alto nivel de deuda y la amenaza de una eventual nueva crisis que muchas voces sit\u00faan ya en torno a 2020. S\u00e1nchez afronta ese panorama no solo con una debilidad parlamentaria que dificulta la aprobaci\u00f3n de reformas. En ese escenario pol\u00edtico, y con el fin de poder dise\u00f1ar sus propios Presupuestos y garantizar as\u00ed la legislatura, ha empezado a pactar con Podemos medidas de incremento del gasto p\u00fablico contrarias a esas recomendaciones de&hellip;<br \/>\nVia: <a href=\"https:\/\/www.abc.es\/economia\/abci-sanchez-compromete-mas-gasto-puertas-desaceleracion-economica-201808281953_noticia.html\" target=\"_blank\">S\u00e1nchez compromete m\u00e1s gasto a las puertas de la desaceleraci\u00f3n econ\u00f3mica<\/a><\/p>\n","protected":false},"excerpt":{"rendered":"<p>El Gobierno socialista ha heredado una econom\u00eda espa\u00f1ola que mantiene un fuerte impulso, pero que al igual que en el resto de la Eurozona empieza a ralentizarse. El crecimiento del PIB ha ca\u00eddo a su nivel m\u00e1s bajo en cuatro a\u00f1os y la creaci\u00f3n de empleo se modera. Organismos oficiales [&hellip;]<\/p>\n","protected":false},"author":2,"featured_media":56094,"comment_status":"open","ping_status":"closed","sticky":false,"template":"","format":"standard","meta":{"footnotes":""},"categories":[6],"tags":[],"class_list":["post-56093","post","type-post","status-publish","format-standard","has-post-thumbnail","hentry","category-spanish"],"_links":{"self":[{"href":"https:\/\/theworldwidejournal.com\/index.php?rest_route=\/wp\/v2\/posts\/56093","targetHints":{"allow":["GET"]}}],"collection":[{"href":"https:\/\/theworldwidejournal.com\/index.php?rest_route=\/wp\/v2\/posts"}],"about":[{"href":"https:\/\/theworldwidejournal.com\/index.php?rest_route=\/wp\/v2\/types\/post"}],"author":[{"embeddable":true,"href":"https:\/\/theworldwidejournal.com\/index.php?rest_route=\/wp\/v2\/users\/2"}],"replies":[{"embeddable":true,"href":"https:\/\/theworldwidejournal.com\/index.php?rest_route=%2Fwp%2Fv2%2Fcomments&post=56093"}],"version-history":[{"count":0,"href":"https:\/\/theworldwidejournal.com\/index.php?rest_route=\/wp\/v2\/posts\/56093\/revisions"}],"wp:featuredmedia":[{"embeddable":true,"href":"https:\/\/theworldwidejournal.com\/index.php?rest_route=\/wp\/v2\/media\/56094"}],"wp:attachment":[{"href":"https:\/\/theworldwidejournal.com\/index.php?rest_route=%2Fwp%2Fv2%2Fmedia&parent=56093"}],"wp:term":[{"taxonomy":"category","embeddable":true,"href":"https:\/\/theworldwidejournal.com\/index.php?rest_route=%2Fwp%2Fv2%2Fcategories&post=56093"},{"taxonomy":"post_tag","embeddable":true,"href":"https:\/\/theworldwidejournal.com\/index.php?rest_route=%2Fwp%2Fv2%2Ftags&post=56093"}],"curies":[{"name":"wp","href":"https:\/\/api.w.org\/{rel}","templated":true}]}}