{"id":56158,"date":"1970-01-01T01:00:00","date_gmt":"1970-01-01T00:00:00","guid":{"rendered":"https:\/\/theworldwidejournal.com\/1970\/01\/01\/rivera-y-arrimadas-retiran-lazos-amarillos-en-barcelona\/"},"modified":"1970-01-01T01:00:00","modified_gmt":"1970-01-01T00:00:00","slug":"rivera-y-arrimadas-retiran-lazos-amarillos-en-barcelona","status":"publish","type":"post","link":"https:\/\/theworldwidejournal.com\/?p=56158","title":{"rendered":"Rivera y Arrimadas retiran lazos amarillos en Barcelona"},"content":{"rendered":"<p>El presidente de Cs, Albert Rivera, y la l\u00edder del partido en Catalu\u00f1a, In\u00e9s Arrimadas, han retirado este mi\u00e9rcoles al mediod\u00eda lazos amarillos de una valla en Alella (Barcelona). Durante un paseo por el municipio, los dirigentes del partido naranja se han acercado a una valla donde hab\u00eda varios lazos amarillos colgados, los han retirado y los han depositado en una bolsa de basura. Minutos despu\u00e9s y cuando ya se hab\u00edan ido, vecinos del pueblo han vuelto a colocar lazos amarillos en la misma valla. \ud83d\udcfd @Albert_Rivera &quot;Hoy hemos querido apoyar a quienes retiran s\u00edmbolos ideol\u00f3gicos; ellos hacen lo que el Estado no est\u00e1 haciendo. No habr\u00e1 convivencia hasta que haya neutralidad en el espacio p\u00fablico&quot; #NoNosCallar\u00e1n pic.twitter.com\/PPzlJlSI3a&mdash; Ciudadanos (@CiudadanosCs) 29 de agosto de 2018 A tav\u00e9s de su cuenta oficial de Twitter y utilizando el hastag #NoNosCallar\u00e1n, Albert Rivera e In\u00e9s Arrimadas han declarado que han querido \u00abapoyar a quienes retiran s\u00edmbolos ideol\u00f3gicos\u00bb. \u00abEllos hacen lo que el Estado no est\u00e1 haciendo. No habr\u00e1 convivencia hasta que haya neutralidad en el espacio p\u00fablico\u00bb, han afirmado. Adem\u00e1s, han invitado \u00aba otros partidos esta tarde a nuestra concentraci\u00f3n a favor de la convivencia. Acaba de ser detenido el agresor de Lidia, y vamos a seguir limpiado el espacio p\u00fablico hasta que S\u00e1nchez reaccione\u00bb. Ciudadanos convoc\u00f3 para este mi\u00e9rcoles una manifestaci\u00f3n en Barcelona por la tarde, en solidaridad con la mujer agredida. El presidente de Ciudadanos ha recibido adem\u00e1s como una \u00abbuena noticia\u00bb la detenci\u00f3n este mi\u00e9rcole s del hombre que supuestamente agredi\u00f3 a una mujer en Barcelona cuando retiraba lazos amarillos y ha expresado su deseo de que no quede impune por estos hechos. La Polic\u00eda Nacional detuvo al agresor por un delito de odio y otro de lesiones, despu\u00e9s de que la mujer presentara ayer una denuncia al cuerpo nacional. Albert Rivera ya denunciaba ayer en la sede de la formaci\u00f3n naranja la ocupaci\u00f3n p\u00fablica y la \u00abindefensi\u00f3n\u00bb que siente una parte de la ciudadan\u00eda catalana ante la \u00abarbitrariedad\u00bb el presidente de la Generalitat, Quim Torra.<br \/>\nVia: <a href=\"https:\/\/www.abc.es\/espana\/abci-rivera-y-arrimadas-retiran-lazos-amarillos-barcelona-201808291354_noticia.html\" target=\"_blank\">Rivera y Arrimadas retiran lazos amarillos en Barcelona<\/a><\/p>\n","protected":false},"excerpt":{"rendered":"<p>El presidente de Cs, Albert Rivera, y la l\u00edder del partido en Catalu\u00f1a, In\u00e9s Arrimadas, han retirado este mi\u00e9rcoles al mediod\u00eda lazos amarillos de una valla en Alella (Barcelona). Durante un paseo por el municipio, los dirigentes del partido naranja se han acercado a una valla donde hab\u00eda varios lazos [&hellip;]<\/p>\n","protected":false},"author":2,"featured_media":56159,"comment_status":"open","ping_status":"closed","sticky":false,"template":"","format":"standard","meta":{"footnotes":""},"categories":[6],"tags":[],"class_list":["post-56158","post","type-post","status-publish","format-standard","has-post-thumbnail","hentry","category-spanish"],"_links":{"self":[{"href":"https:\/\/theworldwidejournal.com\/index.php?rest_route=\/wp\/v2\/posts\/56158","targetHints":{"allow":["GET"]}}],"collection":[{"href":"https:\/\/theworldwidejournal.com\/index.php?rest_route=\/wp\/v2\/posts"}],"about":[{"href":"https:\/\/theworldwidejournal.com\/index.php?rest_route=\/wp\/v2\/types\/post"}],"author":[{"embeddable":true,"href":"https:\/\/theworldwidejournal.com\/index.php?rest_route=\/wp\/v2\/users\/2"}],"replies":[{"embeddable":true,"href":"https:\/\/theworldwidejournal.com\/index.php?rest_route=%2Fwp%2Fv2%2Fcomments&post=56158"}],"version-history":[{"count":0,"href":"https:\/\/theworldwidejournal.com\/index.php?rest_route=\/wp\/v2\/posts\/56158\/revisions"}],"wp:featuredmedia":[{"embeddable":true,"href":"https:\/\/theworldwidejournal.com\/index.php?rest_route=\/wp\/v2\/media\/56159"}],"wp:attachment":[{"href":"https:\/\/theworldwidejournal.com\/index.php?rest_route=%2Fwp%2Fv2%2Fmedia&parent=56158"}],"wp:term":[{"taxonomy":"category","embeddable":true,"href":"https:\/\/theworldwidejournal.com\/index.php?rest_route=%2Fwp%2Fv2%2Fcategories&post=56158"},{"taxonomy":"post_tag","embeddable":true,"href":"https:\/\/theworldwidejournal.com\/index.php?rest_route=%2Fwp%2Fv2%2Ftags&post=56158"}],"curies":[{"name":"wp","href":"https:\/\/api.w.org\/{rel}","templated":true}]}}