{"id":56224,"date":"1970-01-01T01:00:00","date_gmt":"1970-01-01T00:00:00","guid":{"rendered":"https:\/\/theworldwidejournal.com\/1970\/01\/01\/los-mossos-denuncian-en-la-audiencia-nacional-un-delito-de-odio-por-la-pancarta-contra-el-rey-el-17-a\/"},"modified":"1970-01-01T01:00:00","modified_gmt":"1970-01-01T00:00:00","slug":"los-mossos-denuncian-en-la-audiencia-nacional-un-delito-de-odio-por-la-pancarta-contra-el-rey-el-17-a","status":"publish","type":"post","link":"https:\/\/theworldwidejournal.com\/?p=56224","title":{"rendered":"Los Mossos denuncian en la Audiencia Nacional un delito de odio por la pancarta contra el Rey el 17-A"},"content":{"rendered":"<p>Los Mossos d\u2019Esquadra presentaron el pasado d\u00eda 22 unas diligencias en la Fiscal\u00eda de la Audiencia Nacional en las que se denuncia la comisi\u00f3n de un posible delito de odio por parte de las personas que colocaron una pancarta contra el Rey la v\u00edspera de los actos del 17-A, al cumplirse un a\u00f1o de los atentados de Barcelona. Seg\u00fan ha podido saber ABC de fuentes jur\u00eddicas, en el atestado elaborado por la Polic\u00eda auton\u00f3mica se identifica a cuatro personas, que estaban en el interior del piso (una quinta planta) de la Plaza de Catalu\u00f1a desde donde se coloc\u00f3 la pancarta, as\u00ed como al due\u00f1o del inmueble, dado que han comprobado que contaban con su permiso para instalarla en su balc\u00f3n. Los cinco est\u00e1n vinculados al movimiento independentista. La enorme s\u00e1bana de 18 por 2,5 metros con el lema \u00abEl Rey espa\u00f1ol no es bienvenido en los Pa\u00edses Catalanes\u00bb, escrito en ingl\u00e9s y con la foto de Don Felipe boca abajo fue colocada la v\u00edspera de la celebraci\u00f3n de los actos de homenaje a las v\u00edctimas en la Plaza de Catalu\u00f1a y, al d\u00eda siguiente, se convirti\u00f3 en una de las protagonistas de la jornada, tal y como pretend\u00edan quienes la colgaron. Seg\u00fan ha podido saber ABC, el jefe operativo de los Mossos esa madrugada dio la orden de retirarla, pero al enterarse de que los agentes la estaban descolgando recibi\u00f3 una contraorden del consejero de Interior, Miquel Buch, para que la dejaran en el mismo sitio; es decir, la acci\u00f3n policial fue desautorizada por una orden pol\u00edtica. Los Mossos consideran que la colocaci\u00f3n de la pancarta fue una \u00abmaniobra para boicotear la manifestaci\u00f3n\u00bb que fue orquestada por el movimiento independentista y que dicha maniobra cont\u00f3 con el respaldo de responsables pol\u00edticos de esos colectivos (los CDR y ANC), as\u00ed como con el apoyo de letrados vinculados a los mismos, seg\u00fan las fuentes consultadas. \u00abEsa actuaci\u00f3n trasciende la libertad de expresi\u00f3n y de ideas, el objetivo era muy claro\u00bb, se\u00f1alan. Una maniobra de boicot La que sigue es la secuencia de hechos, que no hab\u00eda trascendido hasta ahora y que evidencia el distanciamiento existente entre la Polic\u00eda auton\u00f3mica y sus responsables pol\u00edticos que tratan de instrumentalizar cada actuaci\u00f3n. Los Mossos, al ver que se hab\u00eda instalado la s\u00e1bana, decidieron actuar ante la posibilidad de que ese lema, adem\u00e1s de las personas que se hab\u00edan congregado en la puerta del edificio, pudieran ocasionar un problema de orden p\u00fablico. Constataron que no se hab\u00eda pedido ning\u00fan permiso previo para instalar la pancarta, colocada desde dentro. Esa colocaci\u00f3n fue supervisada desde abajo por la presidenta de la Asamblea Nacional Catalana (ANC), Elisenda Paluzie, quien declar\u00f3 a los periodistas que era un acto de libertad de expresi\u00f3n, acompa\u00f1ada por varios regidores independentistas. Los agentes, ya de madrugada, accedieron al quinto piso y pidieron que les abrieran. En lugar de eso, les arrojaron un DNI por debajo de la puerta, el de una mujer que responde a las iniciales E.F.C., vinculada al independentismo radical y que aparece en el atestado enviado a la Audiencia Nacional. Dentro del piso hab\u00eda cuatro personas que aseguraron tener permiso del due\u00f1o, aunque contestaron con evasivas al inquirir los datos del propietario. Mientras los polic\u00edas comprobaban esa titularidad, el jefe operativo esa noche envi\u00f3 a la Unidad de Monta\u00f1a para que, haciendo rapel por la fachada, comprobaran si estaba bien anclada la banderola o representaba alg\u00fan peligro. La delegada del Gobierno en Catalu\u00f1a, Teresa Cunillera, tambi\u00e9n acudi\u00f3 al lugar junto a personal de seguridad de Casa Real. Cunillera pidi\u00f3 su retirada y el jefe policial dio la orden de descolgarla. Cuando los Mossos lo hac\u00edan, como se ha explicado, este mando recibi\u00f3 la contraorden directa del consejero de Interior, Miquel Buch, de mantener el lema contra el Rey en su lugar. Aleg\u00f3 que no supon\u00eda ning\u00fan peligro, que era un ejercicio de libertad de expresi\u00f3n y que la decisi\u00f3n compet\u00eda al ayuntamiento de Ada Colau. El argumento de la libertad de expresi\u00f3n tambi\u00e9n lo utilizaron en las redes sociales numerosos independentistas exigiendo responsabilidades a Quim Torra y a Buch para mantenerla. El jefe operativo de los Mossos decidi\u00f3 no jug\u00e1rsela, pese a todo, y estableci\u00f3 un per\u00edmetro de seguridad en el suelo con vallado y custodiado por agentes. \u00abLograron focalizar todo el inter\u00e9s en la dichosa pancarta, vigilada y convertida en el centro de un acto de homenaje a las v\u00edctimas. Una verg\u00fcenza\u00bb, admiten fuentes policiales. \u00abEsa orden del responsable pol\u00edtico provoca un da\u00f1o enorme en el Cuerpo, es una burda manipulaci\u00f3n\u00bb, indican. El mismo d\u00eda 17 se instruy\u00f3 el atestado, se identific\u00f3 a los que estaban dentro del piso y al due\u00f1o. Los Mossos sostienen que contaban con una cesi\u00f3n del uso del inmueble, una figura que a su juicio se sacaron de la manga d\u00edas antes para proteger al propietario y exonerarlo de responsabilidad. \u00abEl \u00fanico fin era tener v\u00eda libre para subir la pancarta\u00bb. Dado que bajo la enorme s\u00e1bana hab\u00eda independentistas y constitucionalistas (algunos mon\u00e1rquicos intentaron entrar en el edificio para retirarla por su cuenta) se podr\u00eda haber organizado una trifulca; los individuos que estaban dentro se atrincheraron y no abrieron a los polic\u00edas y no colaboraron cuando se les requiri\u00f3 informaci\u00f3n. Estos argumentos, junto con el lema exhibido, podr\u00edan constituir un delito de odio, a juicio de la Polic\u00eda auton\u00f3mica. Ahora ser\u00e1 la Audiencia Nacional la que decida si el atestado policial y las diligencias presentadas tienen base suficiente para abrir un procedimiento.<br \/>\nVia: <a href=\"https:\/\/www.abc.es\/espana\/abci-mossos-denuncian-audiencia-nacional-delito-odio-pancarta-contra-17-a-201808292317_noticia.html\" target=\"_blank\">Los Mossos denuncian en la Audiencia Nacional un delito de odio por la pancarta contra el Rey el 17-A<\/a><\/p>\n","protected":false},"excerpt":{"rendered":"<p>Los Mossos d\u2019Esquadra presentaron el pasado d\u00eda 22 unas diligencias en la Fiscal\u00eda de la Audiencia Nacional en las que se denuncia la comisi\u00f3n de un posible delito de odio por parte de las personas que colocaron una pancarta contra el Rey la v\u00edspera de los actos del 17-A, al [&hellip;]<\/p>\n","protected":false},"author":2,"featured_media":56225,"comment_status":"open","ping_status":"closed","sticky":false,"template":"","format":"standard","meta":{"footnotes":""},"categories":[6],"tags":[],"class_list":["post-56224","post","type-post","status-publish","format-standard","has-post-thumbnail","hentry","category-spanish"],"_links":{"self":[{"href":"https:\/\/theworldwidejournal.com\/index.php?rest_route=\/wp\/v2\/posts\/56224","targetHints":{"allow":["GET"]}}],"collection":[{"href":"https:\/\/theworldwidejournal.com\/index.php?rest_route=\/wp\/v2\/posts"}],"about":[{"href":"https:\/\/theworldwidejournal.com\/index.php?rest_route=\/wp\/v2\/types\/post"}],"author":[{"embeddable":true,"href":"https:\/\/theworldwidejournal.com\/index.php?rest_route=\/wp\/v2\/users\/2"}],"replies":[{"embeddable":true,"href":"https:\/\/theworldwidejournal.com\/index.php?rest_route=%2Fwp%2Fv2%2Fcomments&post=56224"}],"version-history":[{"count":0,"href":"https:\/\/theworldwidejournal.com\/index.php?rest_route=\/wp\/v2\/posts\/56224\/revisions"}],"wp:featuredmedia":[{"embeddable":true,"href":"https:\/\/theworldwidejournal.com\/index.php?rest_route=\/wp\/v2\/media\/56225"}],"wp:attachment":[{"href":"https:\/\/theworldwidejournal.com\/index.php?rest_route=%2Fwp%2Fv2%2Fmedia&parent=56224"}],"wp:term":[{"taxonomy":"category","embeddable":true,"href":"https:\/\/theworldwidejournal.com\/index.php?rest_route=%2Fwp%2Fv2%2Fcategories&post=56224"},{"taxonomy":"post_tag","embeddable":true,"href":"https:\/\/theworldwidejournal.com\/index.php?rest_route=%2Fwp%2Fv2%2Ftags&post=56224"}],"curies":[{"name":"wp","href":"https:\/\/api.w.org\/{rel}","templated":true}]}}