{"id":56226,"date":"1970-01-01T01:00:00","date_gmt":"1970-01-01T00:00:00","guid":{"rendered":"https:\/\/theworldwidejournal.com\/1970\/01\/01\/tercer-preso-fugado-en-dos-meses-ahora-en-zaragoza-y-a-la-carrera\/"},"modified":"1970-01-01T01:00:00","modified_gmt":"1970-01-01T00:00:00","slug":"tercer-preso-fugado-en-dos-meses-ahora-en-zaragoza-y-a-la-carrera","status":"publish","type":"post","link":"https:\/\/theworldwidejournal.com\/?p=56226","title":{"rendered":"Tercer preso fugado en dos meses, ahora en Zaragoza y a la carrera"},"content":{"rendered":"<p>Se llama Benito Ortiz Perea, tiene 61 a\u00f1os, acumula un espeso y violento historial delictivo, y se ha convertido en el tercer preso en escapar de las c\u00e1rceles espa\u00f1olas en poco m\u00e1s de dos meses. Los otros dos pusieron tierra de por medio aprovechando sendos permisos carcelarios, uno en junio y otro en julio. La escapada de Benito Ortiz, sin embargo, se ha producido a la carrera a las puertas de la prisi\u00f3n de Zuera (Zaragoza) en la que cumple condena. Se escap\u00f3 de la ambulancia que le llevaba de vuelta a la c\u00e1rcel tras haber acudido a una consulta m\u00e9dica al Hospital Miguel Servet de la capital aragonesa. Instituciones Penitenciarias y la Guardia Civil indicaron ayer que se ha abierto una investigaci\u00f3n para determinar c\u00f3mo se pudo producir una fuga aparentemente tan simple y que apunta a un sonado fallo de seguridad. Seg\u00fan la versi\u00f3n oficial, el peligroso recluso se quit\u00f3 los grilletes, abri\u00f3 la puerta de la ambulancia, salt\u00f3 de ella y sali\u00f3 corriendo. Y todo ello sin toparse con agentes de seguridad, porque su huida -tambi\u00e9n seg\u00fan la versi\u00f3n facilitada- se produjo \u00aben el preciso instante en el que se retir\u00f3 la escolta de Guardia Civil\u00bb que acompa\u00f1\u00f3 a la ambulancia en el recorrido entre el hospital y la prisi\u00f3n. El preso fugado, Benito Ortiz &#8211; EFE Para cuando se dieron cuenta de que la ambulancia estaba vac\u00eda, al peligroso y veterano preso ya le hab\u00eda dado tiempo de alejarse y ocultarse lo suficiente para no ser localizado. La fuga se produjo en plena noche, en torno a las 00.30 horas de ayer mi\u00e9rcoles. A \u00faltima hora de la tarde de ayer se le segu\u00eda buscando por tierra y desde el aire. Se ha desplegado un intenso dispositivo que incluye patrullas en moto de la Guardia Civil, agentes en todoterreno y a pie -apoyados con perros de rastreo-, y un helic\u00f3ptero. La b\u00fasqueda se centr\u00f3 ayer en los alrededores de la prisi\u00f3n, una amplia zona de campos, montes y explotaciones ganaderas que circunda al centro penitenciario de Zuera. Tambi\u00e9n se le ha estado buscando en municipios de esta zona de la provincia de Zaragoza, incluida en la capital. Larga condena Actualmente, Benito Ortiz estaba cumpliendo en Zuera una condena de 182 d\u00edas de c\u00e1rcel por quebrantamiento de condena, pero tiene ante s\u00ed otra de mucha mayor envergadura: 25 a\u00f1os y ocho meses de prisi\u00f3n por secuestro e intento de asesinato, delitos ambos que cometi\u00f3 junto a su hermano Pedro Ortiz Perea a finales de mayo de 2016. Entre los dos secuestraron a una mujer en Zaragoza para arrebatarle el coche. Marcharon con ella hasta Huesca y all\u00ed, en un pol\u00edgono industrial, la abandonaron maniatada. Luego asaltaron sin \u00e9xito una armer\u00eda de la capital oscense, un robo frustrado en el que qued\u00f3 malherido el due\u00f1o del establecimiento tras ser tiroteado por Ortiz, el ahora fugado. Es el tercer preso que se escapa en Espa\u00f1a desde mediados de junio. El primero fue Guillermo Fern\u00e1ndez Bueno, condenado por violar a dos mujeres y matar a una de ellas, que huy\u00f3 de la c\u00e1rcel de El Dueso (Cantabria) aprovechando un permiso y acab\u00f3 arrestado un par de semanas despu\u00e9s en Senegal. El otro preso que huy\u00f3 este verano fue Santiago Izquierdo Trancho: se fug\u00f3 el 30 de julio de la c\u00e1rcel de Mansilla de las Mulas (Le\u00f3n), aprovechando tambi\u00e9n un permiso. Fue detenido el 10 de agosto, en la capital leonesa.<br \/>\nVia: <a href=\"https:\/\/www.abc.es\/espana\/abci-tercer-preso-fugado-meses-ahora-zaragoza-y-carrera-201808292008_noticia.html\" target=\"_blank\">Tercer preso fugado en dos meses, ahora en Zaragoza y a la carrera<\/a><\/p>\n","protected":false},"excerpt":{"rendered":"<p>Se llama Benito Ortiz Perea, tiene 61 a\u00f1os, acumula un espeso y violento historial delictivo, y se ha convertido en el tercer preso en escapar de las c\u00e1rceles espa\u00f1olas en poco m\u00e1s de dos meses. Los otros dos pusieron tierra de por medio aprovechando sendos permisos carcelarios, uno en junio [&hellip;]<\/p>\n","protected":false},"author":2,"featured_media":56227,"comment_status":"open","ping_status":"closed","sticky":false,"template":"","format":"standard","meta":{"footnotes":""},"categories":[6],"tags":[],"class_list":["post-56226","post","type-post","status-publish","format-standard","has-post-thumbnail","hentry","category-spanish"],"_links":{"self":[{"href":"https:\/\/theworldwidejournal.com\/index.php?rest_route=\/wp\/v2\/posts\/56226","targetHints":{"allow":["GET"]}}],"collection":[{"href":"https:\/\/theworldwidejournal.com\/index.php?rest_route=\/wp\/v2\/posts"}],"about":[{"href":"https:\/\/theworldwidejournal.com\/index.php?rest_route=\/wp\/v2\/types\/post"}],"author":[{"embeddable":true,"href":"https:\/\/theworldwidejournal.com\/index.php?rest_route=\/wp\/v2\/users\/2"}],"replies":[{"embeddable":true,"href":"https:\/\/theworldwidejournal.com\/index.php?rest_route=%2Fwp%2Fv2%2Fcomments&post=56226"}],"version-history":[{"count":0,"href":"https:\/\/theworldwidejournal.com\/index.php?rest_route=\/wp\/v2\/posts\/56226\/revisions"}],"wp:featuredmedia":[{"embeddable":true,"href":"https:\/\/theworldwidejournal.com\/index.php?rest_route=\/wp\/v2\/media\/56227"}],"wp:attachment":[{"href":"https:\/\/theworldwidejournal.com\/index.php?rest_route=%2Fwp%2Fv2%2Fmedia&parent=56226"}],"wp:term":[{"taxonomy":"category","embeddable":true,"href":"https:\/\/theworldwidejournal.com\/index.php?rest_route=%2Fwp%2Fv2%2Fcategories&post=56226"},{"taxonomy":"post_tag","embeddable":true,"href":"https:\/\/theworldwidejournal.com\/index.php?rest_route=%2Fwp%2Fv2%2Ftags&post=56226"}],"curies":[{"name":"wp","href":"https:\/\/api.w.org\/{rel}","templated":true}]}}