{"id":56228,"date":"1970-01-01T01:00:00","date_gmt":"1970-01-01T00:00:00","guid":{"rendered":"https:\/\/theworldwidejournal.com\/1970\/01\/01\/espana-quiere-zanjar-en-belgica-las-sospechas-sobre-nuestra-justicia\/"},"modified":"1970-01-01T01:00:00","modified_gmt":"1970-01-01T00:00:00","slug":"espana-quiere-zanjar-en-belgica-las-sospechas-sobre-nuestra-justicia","status":"publish","type":"post","link":"https:\/\/theworldwidejournal.com\/?p=56228","title":{"rendered":"Espa\u00f1a quiere zanjar en B\u00e9lgica las sospechas sobre nuestra Justicia"},"content":{"rendered":"<p>El entorno de la defensa del juez Llarena quiere un pronunciamiento contundente de un tribunal europeo que ponga fin al permanente cuestionamiento por parte del independentismo de las garant\u00edas democr\u00e1ticas en el Estado de Derecho espa\u00f1ol. De esta forma, Espa\u00f1a dar\u00e1 la batalla con la inmunidad judicial en el marco de la demanda civil presentada por el expresidente Puigdemont contra el magistrado en B\u00e9lgica, un fraude procesal que lo que cuestiona en realidad es la propia soberan\u00eda jurisdiccional espa\u00f1ola. Fuentes jur\u00eddicas sit\u00faan esa demanda en la estrategia propagand\u00edstica de los secesionistas con la que se pretende conseguir que alg\u00fan pa\u00eds europeo diga que en Espa\u00f1a no se respetan derechos, como mantienen los procesados pr\u00f3fugos en el escrito cuya admisi\u00f3n todav\u00eda no ha decidido el juez belga, pendiente de la vista convocada para el pr\u00f3ximo 4 de septiembre. La mera apertura de un procedimiento, con independencia de cu\u00e1l sea su horizonte procesal, es algo que conviene a los independentistas a pocas semanas del juicio del 1-O en su af\u00e1n victimista, pues al atacar a Llarena como excusa, cuestionan toda la instrucci\u00f3n del procedimiento en el Tribunal Supremo. Jueces bajo presi\u00f3n Con este nuevo movimiento del independentismo en Europa se ha abierto una puerta muy peligrosa que hay que cerrar, dicen, porque atenta contra la soberan\u00eda jurisdiccional, ya no de Espa\u00f1a, sino de cualquier pa\u00eds miembro. \u00abNo se puede admitir que cualquier juez espa\u00f1ol est\u00e9 bajo la presi\u00f3n de cualquiera que pueda interponer una demanda contra \u00e9l fuera de nuestras fronteras\u00bb, apuntan esas fuentes. Por este motivo, y ante la gravedad de lo que se pretende, no acaban de entender c\u00f3mo el Ejecutivo pudo minusvalorar la actuaci\u00f3n de los independentistas limit\u00e1ndola al \u00ab\u00e1mbito privado\u00bb del juez Llarena. M\u00e1s a\u00fan cuando la Abogac\u00eda del Estado advirti\u00f3 desde el primer momento que Espa\u00f1a ten\u00eda que personarse en este procedimiento con la m\u00e1xima urgencia para salvaguardar el principio de inmunidad de jurisdicci\u00f3n. Ahora, con la rectificaci\u00f3n del Gobierno, en el entorno del juez dan por zanjada la pol\u00e9mica y consideran que la defensa de Espa\u00f1a no puede estar en mejores manos que bajo las de la direcci\u00f3n de la Abogac\u00eda del Estado, aunque esta no podr\u00e1 intervenir directamente al no preverlo la legislaci\u00f3n belga. En este sentido, el Ministerio de Justicia est\u00e1 ultimando la contrataci\u00f3n de un abogado local, un experto en derecho internacional privado, que asuma la representaci\u00f3n y defensa del magistado. El nombre se podr\u00eda conocer en las pr\u00f3ximas horas. La normativa y pr\u00e1ctica procesal belga es completamente distinta a la espa\u00f1ola, de forma que fuentes consultadas por ABC pr\u00f3ximas a la defensa del juez est\u00e1n a la espera de esta designaci\u00f3n para perfilar determinados aspectos en relaci\u00f3n a la vista fijada para el martes. En contra de lo que se est\u00e1 diciendo, recalcan que ning\u00fan juez belga ha intervenido todav\u00eda en este asunto y que la citaci\u00f3n del juez es fruto de una figura parecida a lo que en Espa\u00f1a es un procurador: el \u00abhuissier de justice\u00bb. Ser\u00e1 en la vista del d\u00eda 4 donde las partes expondr\u00e1n sus argumentos, aunque antes el abogado belga que represente a Espa\u00f1a tendr\u00e1 que haber enunciado por escrito objeciones de car\u00e1cter procesal como la citada inmunidad de jurisdicci\u00f3n o la forma en la que se ha llevado a cabo el emplazamiento. Aunque los intereses de Llarena y el Estado son absolutamente coincidentes, todav\u00eda no est\u00e1 claro si en la estrategia procesal habr\u00e1 un solo abogado para defender a juez y Estado o se designar\u00e1n dos. Fuentes conocedoras de la legislaci\u00f3n belga no creen que el rechazo, en su caso, del escrito de Puigdemont por parte del juez se haga el mismo, sino que ser\u00eda d\u00edas despu\u00e9s. Por contra, si el juez belga decide seguir adelante empezar\u00eda a correr el plazo ya para que los independentistas articularan su demanda (lo que han presentado no lo es en sentido estricto) y la defensa de Espa\u00f1a pudiera contestarla en un plazo de tiempo indeterminado. Ahora todo est\u00e1 abierto.<br \/>\nVia: <a href=\"https:\/\/www.abc.es\/espana\/abci-espana-quiere-zanjar-belgica-sospechas-sobre-nuestra-justicia-201808300132_noticia.html\" target=\"_blank\">Espa\u00f1a quiere zanjar en B\u00e9lgica las sospechas sobre nuestra Justicia<\/a><\/p>\n","protected":false},"excerpt":{"rendered":"<p>El entorno de la defensa del juez Llarena quiere un pronunciamiento contundente de un tribunal europeo que ponga fin al permanente cuestionamiento por parte del independentismo de las garant\u00edas democr\u00e1ticas en el Estado de Derecho espa\u00f1ol. De esta forma, Espa\u00f1a dar\u00e1 la batalla con la inmunidad judicial en el marco [&hellip;]<\/p>\n","protected":false},"author":2,"featured_media":56229,"comment_status":"open","ping_status":"closed","sticky":false,"template":"","format":"standard","meta":{"footnotes":""},"categories":[6],"tags":[],"class_list":["post-56228","post","type-post","status-publish","format-standard","has-post-thumbnail","hentry","category-spanish"],"_links":{"self":[{"href":"https:\/\/theworldwidejournal.com\/index.php?rest_route=\/wp\/v2\/posts\/56228","targetHints":{"allow":["GET"]}}],"collection":[{"href":"https:\/\/theworldwidejournal.com\/index.php?rest_route=\/wp\/v2\/posts"}],"about":[{"href":"https:\/\/theworldwidejournal.com\/index.php?rest_route=\/wp\/v2\/types\/post"}],"author":[{"embeddable":true,"href":"https:\/\/theworldwidejournal.com\/index.php?rest_route=\/wp\/v2\/users\/2"}],"replies":[{"embeddable":true,"href":"https:\/\/theworldwidejournal.com\/index.php?rest_route=%2Fwp%2Fv2%2Fcomments&post=56228"}],"version-history":[{"count":0,"href":"https:\/\/theworldwidejournal.com\/index.php?rest_route=\/wp\/v2\/posts\/56228\/revisions"}],"wp:featuredmedia":[{"embeddable":true,"href":"https:\/\/theworldwidejournal.com\/index.php?rest_route=\/wp\/v2\/media\/56229"}],"wp:attachment":[{"href":"https:\/\/theworldwidejournal.com\/index.php?rest_route=%2Fwp%2Fv2%2Fmedia&parent=56228"}],"wp:term":[{"taxonomy":"category","embeddable":true,"href":"https:\/\/theworldwidejournal.com\/index.php?rest_route=%2Fwp%2Fv2%2Fcategories&post=56228"},{"taxonomy":"post_tag","embeddable":true,"href":"https:\/\/theworldwidejournal.com\/index.php?rest_route=%2Fwp%2Fv2%2Ftags&post=56228"}],"curies":[{"name":"wp","href":"https:\/\/api.w.org\/{rel}","templated":true}]}}