{"id":56230,"date":"1970-01-01T01:00:00","date_gmt":"1970-01-01T00:00:00","guid":{"rendered":"https:\/\/theworldwidejournal.com\/1970\/01\/01\/sanchez-se-niega-a-calificar-de-dictadura-el-regimen-de-maduro-no-es-una-democracia\/"},"modified":"1970-01-01T01:00:00","modified_gmt":"1970-01-01T00:00:00","slug":"sanchez-se-niega-a-calificar-de-dictadura-el-regimen-de-maduro-no-es-una-democracia","status":"publish","type":"post","link":"https:\/\/theworldwidejournal.com\/?p=56230","title":{"rendered":"S\u00e1nchez se niega a calificar de \u00abdictadura\u00bb el r\u00e9gimen de Maduro: \u00abNo es una democracia\u00bb"},"content":{"rendered":"<p>El presidente del Gobierno, Pedro S\u00e1nchez, se resisti\u00f3 hoy a calificar de \u00abdictadura\u00bb el r\u00e9gimen de Nicol\u00e1s Maduro, y se limit\u00f3 a se\u00f1alar que \u00abno es una democracia\u00bb porque \u00abhay presos pol\u00edticos\u00bb. En una entrevista publicada por el diario chileno Mercurio (despu\u00e9s de su visita a Chile el pasado lunes) S\u00e1nchez afirm\u00f3 que en el pais caribe\u00f1o tampoco se respetan los derechos humanos, pero destac\u00f3 que \u00abel que haya presos pol\u00edticos es el ejemplo m\u00e1ximo de que no se est\u00e1n los derechos m\u00e1s fundamentales, como soin los derechos de ejercicio pol\u00edtico\u00bb. Preguntado directamente por el calificativo de \u00abdictadura\u00bb S\u00e1nchez esquiva la pregunta y responde literalmente que \u00abyo dir\u00eda que no es una democracia, es evidente\u00bb. En cualquier caso, insiti\u00f3 en que el conflicto lo tienen que resolver \u00abentre venezolanos\u00bb y a trav\u00e9s del \u00abdi\u00e1logo\u00bb. Eso s\u00ed, fuentes de La Moncloa explican que su idea es que la Uni\u00f3n Europea se implique en una soluci\u00f3n dialogada que vaya m\u00e1s all\u00e1 de las sanciones. S\u00e1nchez lleg\u00f3 ayer a Colombia procedente de Bolivia para reunirse con el presidente colombiano, Iv\u00e1n Duque, y abordar dos cuestiones relevantes: el proceso de paz y el \u00e9xodo de m\u00e1s de un mill\u00f3n de venezolanos que huyen de la crisis humanitaria generada por el r\u00e9gimen de Nicol\u00e1s Maduro. En relaci\u00f3n con Venezuela, S\u00e1nchez quiere interesarse especialmente por esos 1,2 millones de venezolanos que han abandonado su pa\u00eds desde 2014 camino de Colombia. Dado que la comunidad internacional se est\u00e1 empezando a pensar c\u00f3mo canalizar una ayuda, el presidente del Gobierno espa\u00f1ol quiere mostar su disposici\u00f3n a participar. En relaci\u00f3n con el proceso de paz en Colombia, S\u00e1nchez quiere ofrecer la ayuda de Espa\u00f1a como pa\u00eds \u00abfacilitador\u00bb de las negociaciones con el Ej\u00e9rcito de Liberaci\u00f3n Nacional (ELN), en caso de que el presidente Duque se decida por impulsarlas. Incluso, Espa\u00f1a est\u00e1 dispuesto a ser sede de esos encuentros siempre que las partes en negociaci\u00f3n as\u00ed lo deseasen. En su visita a Bogot\u00e1, S\u00e1nchez se reunir\u00e1 en la ma\u00f1ana de ma\u00f1ana, jueves, con Duque en el Palacio de Nari\u00f1o, as\u00ed como con representantes de los implicados en las negociaci\u00f3n con las FARC.<br \/>\nVia: <a href=\"https:\/\/www.abc.es\/espana\/abci-sanchez-niega-calificar-dictadura-regimen-maduro-no-democracia-201808300247_noticia.html\" target=\"_blank\">S\u00e1nchez se niega a calificar de \u00abdictadura\u00bb el r\u00e9gimen de Maduro: \u00abNo es una democracia\u00bb<\/a><\/p>\n","protected":false},"excerpt":{"rendered":"<p>El presidente del Gobierno, Pedro S\u00e1nchez, se resisti\u00f3 hoy a calificar de \u00abdictadura\u00bb el r\u00e9gimen de Nicol\u00e1s Maduro, y se limit\u00f3 a se\u00f1alar que \u00abno es una democracia\u00bb porque \u00abhay presos pol\u00edticos\u00bb. En una entrevista publicada por el diario chileno Mercurio (despu\u00e9s de su visita a Chile el pasado lunes) [&hellip;]<\/p>\n","protected":false},"author":2,"featured_media":56231,"comment_status":"open","ping_status":"closed","sticky":false,"template":"","format":"standard","meta":{"footnotes":""},"categories":[6],"tags":[],"class_list":["post-56230","post","type-post","status-publish","format-standard","has-post-thumbnail","hentry","category-spanish"],"_links":{"self":[{"href":"https:\/\/theworldwidejournal.com\/index.php?rest_route=\/wp\/v2\/posts\/56230","targetHints":{"allow":["GET"]}}],"collection":[{"href":"https:\/\/theworldwidejournal.com\/index.php?rest_route=\/wp\/v2\/posts"}],"about":[{"href":"https:\/\/theworldwidejournal.com\/index.php?rest_route=\/wp\/v2\/types\/post"}],"author":[{"embeddable":true,"href":"https:\/\/theworldwidejournal.com\/index.php?rest_route=\/wp\/v2\/users\/2"}],"replies":[{"embeddable":true,"href":"https:\/\/theworldwidejournal.com\/index.php?rest_route=%2Fwp%2Fv2%2Fcomments&post=56230"}],"version-history":[{"count":0,"href":"https:\/\/theworldwidejournal.com\/index.php?rest_route=\/wp\/v2\/posts\/56230\/revisions"}],"wp:featuredmedia":[{"embeddable":true,"href":"https:\/\/theworldwidejournal.com\/index.php?rest_route=\/wp\/v2\/media\/56231"}],"wp:attachment":[{"href":"https:\/\/theworldwidejournal.com\/index.php?rest_route=%2Fwp%2Fv2%2Fmedia&parent=56230"}],"wp:term":[{"taxonomy":"category","embeddable":true,"href":"https:\/\/theworldwidejournal.com\/index.php?rest_route=%2Fwp%2Fv2%2Fcategories&post=56230"},{"taxonomy":"post_tag","embeddable":true,"href":"https:\/\/theworldwidejournal.com\/index.php?rest_route=%2Fwp%2Fv2%2Ftags&post=56230"}],"curies":[{"name":"wp","href":"https:\/\/api.w.org\/{rel}","templated":true}]}}