{"id":56232,"date":"1970-01-01T01:00:00","date_gmt":"1970-01-01T00:00:00","guid":{"rendered":"https:\/\/theworldwidejournal.com\/1970\/01\/01\/el-precio-de-la-electricidad-se-dispara-y-encarece-la-factura-unos-cinco-euros\/"},"modified":"1970-01-01T01:00:00","modified_gmt":"1970-01-01T00:00:00","slug":"el-precio-de-la-electricidad-se-dispara-y-encarece-la-factura-unos-cinco-euros","status":"publish","type":"post","link":"https:\/\/theworldwidejournal.com\/?p=56232","title":{"rendered":"El precio de la electricidad se dispara y encarece la factura unos cinco euros"},"content":{"rendered":"<p>Los precios de la electricidad siguen la tendencia alcista que emprendieron en abril pasado y ayer alcanzaron un nuevo m\u00e1ximo anual. En el mercado mayorista, el megavatio hora (MWh) lleg\u00f3 a los 70,99 euros, su precio m\u00e1s alto en todo el a\u00f1o. A falta de dos d\u00edas para el cierre de agosto, la media de este mes es de 63,99 euros el MWh, lo que supone un incremento del 3% respecto a junio y del 35% sobre agosto del a\u00f1o pasado. Para hoy, el precio medio es de 69,66 euros el MWh. El precio medio de los ocho primeros meses del a\u00f1o es de 53,37 euros el MWh, lo que supone que es un 6% m\u00e1s caro que en el mismo periodo de 2017. El precio medio registrado en agosto (63,99 MWh) es el segundo m\u00e1s caro de un mes en los \u00faltimos diez a\u00f1os, solo superado por los 71,49 del pasado enero de 2017, fechas en las que se dieron varias circunstancias excepcionales, algunas de las cuales han vuelto a repetirse ahora: falta de agua y viento, mayor utilizaci\u00f3n del carb\u00f3n y el gas y ca\u00edda de la producci\u00f3n en Francia. Afortunadamente para los consumidores, el incremento en el precio de la electricidad en el mercado mayorista no repercutir\u00e1 totalmente en la factura de la luz, ya que el 60% del importe total son costes ajenos al consumo el\u00e9ctrico, como las subvenciones a las renovables, la distribuci\u00f3n, el transporte, el d\u00e9ficit de tarifa, las extrapeninsulares, etc&#8230;, as\u00ed como los impuestos (sobre la electricidad y el IVA). Tarifa regulada La tarifa regulada o pvpc (precio voluntario del peque\u00f1o consumidor) est\u00e1 actualmente en 0,1319 euros el kilovatio (kWh), por lo que un cliente con una potencia de 4,6 kWh y 3.500 kWh de consumo anual pagar\u00e1 este mes 69 euros. En enero de este a\u00f1o, el precio de la tarifa regulada era de 0,125 euros el KWh y la factura media era de 64 euros. Es decir, el recibo de la luz se ha encarecido unos cinco euros de media, seg\u00fan datos de la compa\u00f1\u00eda Selectra. El precio medio de la tarifa regulada no registraba niveles tan caros desde diciembre de 2017 y enero del mismo a\u00f1o. La ausencia de lluvias y tambi\u00e9n de viento en estos meses de verano hace que la generaci\u00f3n hidr\u00e1ulica y e\u00f3lica dismimuyan notablemente. Para cubrir esta ca\u00edda, deben de funcionar muchas m\u00e1s horas las centrales de carb\u00f3n y de gas, cuya producci\u00f3n de electricidad es m\u00e1s cara que las primeras. Esto hace subir los precios en el mercado mayorista. Adem\u00e1s, el sector est\u00e1 sufriendo las consecuencias de un problema ajeno al mismo, como es el mercado franc\u00e9s. Las temperaturas que est\u00e1 alcanzando el pa\u00eds y pr\u00e1cticamente toda Europa y la disponibilidad de su capacidad nuclear \u2013que se ha reducido al 59% frente al 70% habitual\u2013 est\u00e1 provocando el incremento de los precios en este pa\u00eds y una presi\u00f3n al alza de los precios en Espa\u00f1a, al convertirse las interconexiones en exportadoras de electricidad en vez de importadoras como habitualmente son. M\u00e1s demanda por el calor Este hecho impacta en los precios de casaci\u00f3n del mercado mayorista en Espa\u00f1a del orden de entre cuatro y cinco euros el MWh, seg\u00fan los expertos consultados, con respecto a los precios registrados en una situaci\u00f3n importadora. El calor en toda Europa ha provocado un espectacular aumento de la demanda de energ\u00eda el\u00e9ctrica y que mercados como el franc\u00e9s y el alem\u00e1n, que siempre tienen precios m\u00e1s bajos que en Espa\u00f1a, en las \u00faltimas semanas hayan registrado precios por encima de los de nuestro pa\u00eds. Ese aumento de la demanda, tambi\u00e9n en Espa\u00f1a por la mayor utilizaci\u00f3n de los aparatos de aire acondicionado, ha disparado los precios del carb\u00f3n y del gas natural, que son entre 13 y 20 euros el MWh m\u00e1s caros que el verano pasado. Adem\u00e1s, la cotizaci\u00f3n del CO2 se ha multiplicado por tres en los \u00faltimos 12 meses y supera los 17 euros la tonelada. Por otra parte, la evoluci\u00f3n de las cotizaciones de las materias primas y la estabilidad prevista en el resto de fundamentales para los pr\u00f3ximos meses hace que las cotizaciones del precio de los pr\u00f3ximos meses se mantenga al nivel de los actuales, con un incremento previsto para el total del a\u00f1o del 9% respecto de 2017. Para el total de 2018 se prev\u00e9n igualmente subidas en el resto de pa\u00edses vecinos: 25% en Alemania, 11% en Italia y 8% en Francia. Revisiones al alza para 2019 Incluso, los analistas han tenido que cambiar sus previsiones para 2019, elevando de forma importante las cotizaciones para el a\u00f1o que viene: un 28% Espa\u00f1a, un 34% Francia, un 51% Alemania y un 36% Italia.<br \/>\nVia: <a href=\"https:\/\/www.abc.es\/economia\/abci-precio-electricidad-dispara-y-encarece-factura-unos-cinco-euros-201808292058_noticia.html\" target=\"_blank\">El precio de la electricidad se dispara y encarece la factura unos cinco euros<\/a><\/p>\n","protected":false},"excerpt":{"rendered":"<p>Los precios de la electricidad siguen la tendencia alcista que emprendieron en abril pasado y ayer alcanzaron un nuevo m\u00e1ximo anual. En el mercado mayorista, el megavatio hora (MWh) lleg\u00f3 a los 70,99 euros, su precio m\u00e1s alto en todo el a\u00f1o. A falta de dos d\u00edas para el cierre [&hellip;]<\/p>\n","protected":false},"author":2,"featured_media":56233,"comment_status":"open","ping_status":"closed","sticky":false,"template":"","format":"standard","meta":{"footnotes":""},"categories":[6],"tags":[],"class_list":["post-56232","post","type-post","status-publish","format-standard","has-post-thumbnail","hentry","category-spanish"],"_links":{"self":[{"href":"https:\/\/theworldwidejournal.com\/index.php?rest_route=\/wp\/v2\/posts\/56232","targetHints":{"allow":["GET"]}}],"collection":[{"href":"https:\/\/theworldwidejournal.com\/index.php?rest_route=\/wp\/v2\/posts"}],"about":[{"href":"https:\/\/theworldwidejournal.com\/index.php?rest_route=\/wp\/v2\/types\/post"}],"author":[{"embeddable":true,"href":"https:\/\/theworldwidejournal.com\/index.php?rest_route=\/wp\/v2\/users\/2"}],"replies":[{"embeddable":true,"href":"https:\/\/theworldwidejournal.com\/index.php?rest_route=%2Fwp%2Fv2%2Fcomments&post=56232"}],"version-history":[{"count":0,"href":"https:\/\/theworldwidejournal.com\/index.php?rest_route=\/wp\/v2\/posts\/56232\/revisions"}],"wp:featuredmedia":[{"embeddable":true,"href":"https:\/\/theworldwidejournal.com\/index.php?rest_route=\/wp\/v2\/media\/56233"}],"wp:attachment":[{"href":"https:\/\/theworldwidejournal.com\/index.php?rest_route=%2Fwp%2Fv2%2Fmedia&parent=56232"}],"wp:term":[{"taxonomy":"category","embeddable":true,"href":"https:\/\/theworldwidejournal.com\/index.php?rest_route=%2Fwp%2Fv2%2Fcategories&post=56232"},{"taxonomy":"post_tag","embeddable":true,"href":"https:\/\/theworldwidejournal.com\/index.php?rest_route=%2Fwp%2Fv2%2Ftags&post=56232"}],"curies":[{"name":"wp","href":"https:\/\/api.w.org\/{rel}","templated":true}]}}