{"id":56294,"date":"1970-01-01T01:00:00","date_gmt":"1970-01-01T00:00:00","guid":{"rendered":"https:\/\/theworldwidejournal.com\/1970\/01\/01\/campanadas-y-proclamas-independentistas-en-el-ayuntamiento-de-vic\/"},"modified":"1970-01-01T01:00:00","modified_gmt":"1970-01-01T00:00:00","slug":"campanadas-y-proclamas-independentistas-en-el-ayuntamiento-de-vic","status":"publish","type":"post","link":"https:\/\/theworldwidejournal.com\/?p=56294","title":{"rendered":"Campanadas y proclamas independentistas en el Ayuntamiento de Vic"},"content":{"rendered":"<p>\u00abNo normalicemos la situaci\u00f3n de excepcionalidad y de urgencia nacional. Recordemos cada d\u00eda que todav\u00eda hay presos pol\u00edticos y exiliados. No nos desviemos de nuestro objetivo: la independencia de Catalu\u00f1a\u00bb. Pr\u00e1cticamente cada d\u00eda, desde la megafon\u00eda del Ayuntamiento de Vic (Barcelona), y como si se tratase de un muec\u00edn llamando al rezo, los habitantes de la capital de Osona reciben la consigna a las 20.00 horas, tal y como se muestra en un video y ha podido confirmar este diario. Como recoge el video, y con voz solemne, el consistorio, gobernado por el PDECat, imparte la consigna&#8230;: \u00abNo nos desviemos de nuestro objetivo: la independ\u00e8ncia de Catalu\u00f1a\u00bb. \ud83c\udfb6\ud83d\udd14\ud83c\udfb6\ud83d\udde3No normalitzem una situaci\u00f3 d\u2019excepcionalitat i d\u2019urg\u00e8ncia nacional.Recordem cada dia que encara hi ha presos pol\u00edtics i exiliats.No ens desviem del nostre objectiu, la independ\u00e8ncia de Catalunya.\ud83c\udfb6Cada dia a les 20h pla\u00e7a de #Vic @ANC_Vic#FemLaRep\u00fablicaCatalana \ud83d\udea9 pic.twitter.com\/uJ0cby3vQ1&mdash; ANC Osona (@AssembleaOsona) 25 de agosto de 2018 Seg\u00fan confirmaron a este diario fuentes municipales, cada d\u00eda a las ocho de la tarde se emite la grabaci\u00f3n de un repique de campanas, y tambi\u00e9n, aunque de manera puntual y no diaria aseguran, la citada grabaci\u00f3n, \u00abque ha sido consensuada por el Ayuntamiento con la Assemblea Nacional Catalana, \u00d2mnium y los CDR\u00bb. La grabaci\u00f3n, en la que se pide a los ciudadanos que recuerden diariamente a los presos pol\u00edticos, pill\u00f3 por sorpresa a muchos empleados de los comercios de la c\u00e9ntrica plaza de Vic, donde la salmodia se emite. Sandra, dependienta de una tienda de moda ubicada junto al Ayuntamiento, explica que, de repente, oy\u00f3 \u00abc\u00f3mo las campanas sonaban diferente\u00bb. \u00abMe asust\u00e9. Pens\u00e9 que era una emergencia. \u00bfQu\u00e9 es esto? dije. \u00bfHay un tsunami?\u00bb, comenta la joven en tono jocoso. La dependienta de otra cadena de moda, emplazada en el extremo opuesto al consistorio, relata a este diario que tambi\u00e9n se sorprendi\u00f3 cuando esta semana, tras regresar de vacaciones, oy\u00f3 el precipitado toque de campanas y la cinta. \u00abSolo lo he escuchado un d\u00eda. No sabr\u00eda decirle el contenido. Solo s\u00e9 que habla de los presos pol\u00edticos. Me pill\u00f3 totalmente por sorpresa\u00bb, afirma. Capital de la comarca de Osona, epicentro del independentismo en la Catalu\u00f1a interior, Vic es una de las ciudades donde m\u00e1s se respira el secesionismo, lo que ha originado pol\u00e9micas por lo que quienes no comulgan con el credo de la separaci\u00f3n consideran como claros excesos. As\u00ed, por ejemplo, la cabalgata de Reyes de 2017 estuvo envuelta en pol\u00e9mica despu\u00e9s de que la ANC, aprovechando que TV3 cubr\u00eda el acontecimiento en directo, reparti\u00f3 \u00abfarolillos\u00bb con motivos independentistas para guiar a los Reyes. De manera m\u00e1s reciente, la plaza mayor apareci\u00f3 totalmente cubierta de cruces, algo que fue contestado por un conductor, que irrumpi\u00f3 en el espacio derribando varias cruces.<br \/>\nVia: <a href=\"https:\/\/www.abc.es\/espana\/abci-consigna-diaria-ayuntamiento-201808291243_noticia.html\" target=\"_blank\">Campanadas y proclamas independentistas en el Ayuntamiento de Vic<\/a><\/p>\n","protected":false},"excerpt":{"rendered":"<p>\u00abNo normalicemos la situaci\u00f3n de excepcionalidad y de urgencia nacional. Recordemos cada d\u00eda que todav\u00eda hay presos pol\u00edticos y exiliados. No nos desviemos de nuestro objetivo: la independencia de Catalu\u00f1a\u00bb. Pr\u00e1cticamente cada d\u00eda, desde la megafon\u00eda del Ayuntamiento de Vic (Barcelona), y como si se tratase de un muec\u00edn llamando [&hellip;]<\/p>\n","protected":false},"author":2,"featured_media":56295,"comment_status":"open","ping_status":"closed","sticky":false,"template":"","format":"standard","meta":{"footnotes":""},"categories":[6],"tags":[],"class_list":["post-56294","post","type-post","status-publish","format-standard","has-post-thumbnail","hentry","category-spanish"],"_links":{"self":[{"href":"https:\/\/theworldwidejournal.com\/index.php?rest_route=\/wp\/v2\/posts\/56294","targetHints":{"allow":["GET"]}}],"collection":[{"href":"https:\/\/theworldwidejournal.com\/index.php?rest_route=\/wp\/v2\/posts"}],"about":[{"href":"https:\/\/theworldwidejournal.com\/index.php?rest_route=\/wp\/v2\/types\/post"}],"author":[{"embeddable":true,"href":"https:\/\/theworldwidejournal.com\/index.php?rest_route=\/wp\/v2\/users\/2"}],"replies":[{"embeddable":true,"href":"https:\/\/theworldwidejournal.com\/index.php?rest_route=%2Fwp%2Fv2%2Fcomments&post=56294"}],"version-history":[{"count":0,"href":"https:\/\/theworldwidejournal.com\/index.php?rest_route=\/wp\/v2\/posts\/56294\/revisions"}],"wp:featuredmedia":[{"embeddable":true,"href":"https:\/\/theworldwidejournal.com\/index.php?rest_route=\/wp\/v2\/media\/56295"}],"wp:attachment":[{"href":"https:\/\/theworldwidejournal.com\/index.php?rest_route=%2Fwp%2Fv2%2Fmedia&parent=56294"}],"wp:term":[{"taxonomy":"category","embeddable":true,"href":"https:\/\/theworldwidejournal.com\/index.php?rest_route=%2Fwp%2Fv2%2Fcategories&post=56294"},{"taxonomy":"post_tag","embeddable":true,"href":"https:\/\/theworldwidejournal.com\/index.php?rest_route=%2Fwp%2Fv2%2Ftags&post=56294"}],"curies":[{"name":"wp","href":"https:\/\/api.w.org\/{rel}","templated":true}]}}