{"id":56300,"date":"1970-01-01T01:00:00","date_gmt":"1970-01-01T00:00:00","guid":{"rendered":"https:\/\/theworldwidejournal.com\/1970\/01\/01\/bruselas-debate-si-acaba-con-el-cambio-de-hora-como-pide-una-mayoria-de-europeos\/"},"modified":"1970-01-01T01:00:00","modified_gmt":"1970-01-01T00:00:00","slug":"bruselas-debate-si-acaba-con-el-cambio-de-hora-como-pide-una-mayoria-de-europeos","status":"publish","type":"post","link":"https:\/\/theworldwidejournal.com\/?p=56300","title":{"rendered":"Bruselas debate si acaba con el cambio de hora, como pide una mayor\u00eda de europeos"},"content":{"rendered":"<p>La Comisi\u00f3n Europea discutir\u00e1 entre este jueves y el viernes si propone en el futuro acabar con el cambio de hora en el bloque comunitario, tal y como ha pedido m\u00e1s del 80% de los 4,6 millones de europeos que han participado en una consulta p\u00fablica impulsada por la instituci\u00f3n comunitaria, seg\u00fan ha adelantado el diario alem\u00e1n \u00abWestfalenpost\u00bb, que tambi\u00e9n afirma que unos tres millones de participantes proceden de este pa\u00eds. Esta consulta no es vinculante, tal y como ha advertido el Ejecutivo comunitario en numerosas ocasiones, si bien los resultados y la opini\u00f3n de los participantes ser\u00e1n un elemento \u00aba tener en cuenta\u00bb cuando propongan sus recomendaciones sobre esta cuesti\u00f3n tanto a la Euroc\u00e1mara como a las partes interesadas, seg\u00fan ha asegurado el portavoz comunitario Margaritis Schinas. \u00abQuer\u00edamos (llevar a cabo) una consulta p\u00fablica para hacer un seguimiento de la resoluci\u00f3n\u00bb de la Euroc\u00e1mara del pasado febrero, ha explicado el portavoz en rueda de prensa. Dicha resoluci\u00f3n insta a la Comisi\u00f3n a que \u00abreeval\u00fae las consecuencias para la salud\u00bb del cambio horario \u00abcon el objetivo de valorar su posible supresi\u00f3n\u00bb. Se trata de \u00abuna consulta p\u00fablica sin precedentes, a escala masiva, en la que han participado 4,6 millones de europeos\u00bb, ha afirmado Schinas, quien no ha desmentido las cifras publicadas por la prensa alemana si bien ha insistido en que han participado ciudadanos \u00abde todos los Estados miembros\u00bb y los datos ser\u00e1n presentados esta semana tras la reuni\u00f3n de comisarios. \u00abLa consulta no es un refer\u00e9ndum\u00bb, ha recordado Schinas, \u00absino un elemento que tendremos en cuenta\u00bb para la futura propuesta sobre el cambio de hora, a la vez que permitir\u00e1 presentar un informe en el que quede plasmada \u00abla distribuci\u00f3n de las respuestas por pa\u00eds, y de manera m\u00e1s general por cada grupo de inter\u00e9s, \u00e1rea de actividad, etc.\u00bb, ha matizado. Modificaci\u00f3n de la normativa La Comisi\u00f3n anunci\u00f3 el pasado 5 de julio la puesta en marcha de una consulta p\u00fablica en l\u00ednea que se cerr\u00f3 el pasado 16 de agosto con el fin de que la ciudadan\u00eda pudiera pronunciarse sobre la continuidad del cambio horario que en los meses de marzo y octubre tiene lugar en todos los pa\u00edses miembros de la UE, y estudiar\u00e1 el resultado para evaluar una posible modificaci\u00f3n de la normativa comunitaria que regula este cambio. \u00abHay dos posibilidades: mantener el sistema actual sin cambios o abolirlo para toda la UE\u00bb, record\u00f3 en su momento uno de los portavoces del Ejecutivo comunitario. \u00abEstas son las dos posibilidades ya que no ser\u00eda recomendable tener una situaci\u00f3n no homog\u00e9nea (en la que algunos pa\u00edses tomen decisiones unilaterales) para el funcionamiento del mercado \u00fanico\u00bb, explic\u00f3. La resoluci\u00f3n del Parlamento Europeo reconoce que no existen pruebas cient\u00edficas concluyentes pero recalca que s\u00ed hay indicios que apuntan al efecto pernicioso de este sistema, armonizado a nivel europeo desde 2001.<br \/>\nVia: <a href=\"https:\/\/www.abc.es\/sociedad\/abci-bruselas-debate-si-acaba-cambio-hora-como-pide-mayoria-europeos-201808301039_noticia.html\" target=\"_blank\">Bruselas debate si acaba con el cambio de hora, como pide una mayor\u00eda de europeos<\/a><\/p>\n","protected":false},"excerpt":{"rendered":"<p>La Comisi\u00f3n Europea discutir\u00e1 entre este jueves y el viernes si propone en el futuro acabar con el cambio de hora en el bloque comunitario, tal y como ha pedido m\u00e1s del 80% de los 4,6 millones de europeos que han participado en una consulta p\u00fablica impulsada por la instituci\u00f3n [&hellip;]<\/p>\n","protected":false},"author":2,"featured_media":56301,"comment_status":"open","ping_status":"closed","sticky":false,"template":"","format":"standard","meta":{"footnotes":""},"categories":[6],"tags":[],"class_list":["post-56300","post","type-post","status-publish","format-standard","has-post-thumbnail","hentry","category-spanish"],"_links":{"self":[{"href":"https:\/\/theworldwidejournal.com\/index.php?rest_route=\/wp\/v2\/posts\/56300","targetHints":{"allow":["GET"]}}],"collection":[{"href":"https:\/\/theworldwidejournal.com\/index.php?rest_route=\/wp\/v2\/posts"}],"about":[{"href":"https:\/\/theworldwidejournal.com\/index.php?rest_route=\/wp\/v2\/types\/post"}],"author":[{"embeddable":true,"href":"https:\/\/theworldwidejournal.com\/index.php?rest_route=\/wp\/v2\/users\/2"}],"replies":[{"embeddable":true,"href":"https:\/\/theworldwidejournal.com\/index.php?rest_route=%2Fwp%2Fv2%2Fcomments&post=56300"}],"version-history":[{"count":0,"href":"https:\/\/theworldwidejournal.com\/index.php?rest_route=\/wp\/v2\/posts\/56300\/revisions"}],"wp:featuredmedia":[{"embeddable":true,"href":"https:\/\/theworldwidejournal.com\/index.php?rest_route=\/wp\/v2\/media\/56301"}],"wp:attachment":[{"href":"https:\/\/theworldwidejournal.com\/index.php?rest_route=%2Fwp%2Fv2%2Fmedia&parent=56300"}],"wp:term":[{"taxonomy":"category","embeddable":true,"href":"https:\/\/theworldwidejournal.com\/index.php?rest_route=%2Fwp%2Fv2%2Fcategories&post=56300"},{"taxonomy":"post_tag","embeddable":true,"href":"https:\/\/theworldwidejournal.com\/index.php?rest_route=%2Fwp%2Fv2%2Ftags&post=56300"}],"curies":[{"name":"wp","href":"https:\/\/api.w.org\/{rel}","templated":true}]}}