{"id":56370,"date":"1970-01-01T01:00:00","date_gmt":"1970-01-01T00:00:00","guid":{"rendered":"https:\/\/theworldwidejournal.com\/1970\/01\/01\/el-guino-fiscal-de-sanchez-a-podemos-solo-recaudara-400-millones-de-euros\/"},"modified":"1970-01-01T01:00:00","modified_gmt":"1970-01-01T00:00:00","slug":"el-guino-fiscal-de-sanchez-a-podemos-solo-recaudara-400-millones-de-euros","status":"publish","type":"post","link":"https:\/\/theworldwidejournal.com\/?p=56370","title":{"rendered":"El gui\u00f1o fiscal de S\u00e1nchez a Podemos solo recaudar\u00e1 400 millones de euros"},"content":{"rendered":"<p>El Gobierno de Pedro S\u00e1nchez empez\u00f3 a negociar el apoyo de Podemos a sus Presupuestos para 2019 concediendo a la formaci\u00f3n morada m\u00e1s gasto p\u00fablico en forma de reversi\u00f3n de recortes en servicios sociales. Ahora, cuando toca discutir c\u00f3mo se pagar\u00e1 esa factura, los socialistas hacen un nuevo gui\u00f1o ideol\u00f3gico al partido dirigido por Pablo Iglesias para lograr su respaldo. El Ejecutivo confirm\u00f3 ayer que estudia elevar el IRPF a las rentas superiores a los 150.000 euros, medida con la que recaudar\u00eda 400 millones de euros. Ese importe no cubre, por ejemplo, la eliminaci\u00f3n del copago farmac\u00e9utico, medida que negocian Hacienda y Podemos y que elevar\u00eda el gasto entre 450 y 500 millones. Mucho menos para cubrir el aumento de la factura de las pensiones derivada, primero, del acuerdo entre PP y PNV, que ya la ha elevado en 1.800 millones anuales, coste que se consolidar\u00e1 a\u00f1o a a\u00f1o. A ello habr\u00e1 que sumar la posible compensaci\u00f3n que el Gobierno del PSOE abonar\u00e1 a los pensionistas si el IPC sube al final m\u00e1s de lo previsto. El plan de los socialistas para sufragar su pol\u00edtica de mayor gasto p\u00fablico y las pensiones pasa b\u00e1sicamente por elevar los ingresos impositivos incrementando la presi\u00f3n fiscal a las empresas y, ahora tambi\u00e9n, a las rentas altas. \u00abEste Gobierno no va a subir los impuestos a la clase media y trabajadora y en eso nos mantenemos, para nosotros es una l\u00ednea roja\u00bb, aclar\u00f3 ayer la ministra de Hacienda, Mar\u00eda Jes\u00fas Montero, sobre las negociaciones que mantiene con Podemos sobre las cuentas para el pr\u00f3ximo a\u00f1o. Clases medias La pretensi\u00f3n inicial de la formaci\u00f3n morada, y as\u00ed lo plante\u00f3 en las negociaciones, era elevar la fiscalidad a quienes ganan m\u00e1s de 60.000 euros, al considerar que son una minor\u00eda privilegiada por ser 671.812 asalariados, el 3,75% de los declarantes. Sin embargo, el Gobierno se neg\u00f3 en rotundo. \u00abLo \u00fanico que el Gobierno ha planteado en las reuniones ha sido la posibilidad de estudiar, de explorar una subida a las rentas superiores a 150.000 euros, que evidentemente no pertenecen ni a las clases medias ni a las trabajadoras\u00bb, explic\u00f3 la ministra. El PSOE ya plante\u00f3 desde la oposici\u00f3n elevar en cuatro puntos, del 22,5% al 26,5%, el tramo estatal del IRPF para esas rentas, que sumando el tramo auton\u00f3mico har\u00eda que en algunas comunidades la presi\u00f3n alcanzase el 52%. Esta medida afectar\u00eda, seg\u00fan los datos de la Agencia Tributaria de 2016, a 91.408 declarantes, el 0,46% del total. La asociaci\u00f3n de t\u00e9cnicos de Hacienda (Gestha) calcula que con ello el Estado elevar\u00eda su recaudaci\u00f3n en 400 millones, de forma que cada uno de esos asalariados aportar\u00eda una media de 4.400 euros al a\u00f1o m\u00e1s. Negociaciones abiertas Est\u00e1 por ver si Podemos cede ante la posici\u00f3n de Hacienda. Eso s\u00ed, los populistas reclaman tambi\u00e9n al Ejecutivo que eleve la presi\u00f3n fiscal a lo que llama las grandes fortunas, lo que pasar\u00eda por incrementar el tipo del ahorro a los contribuyentes que obtienen m\u00e1s de 50.000 euros de base del ahorro y unas rentas totales superiores a 150.000 euros. Esto afectar\u00eda a 86.198 personas a las que les supondr\u00eda un recargo de 17.300 euros al a\u00f1o. Con esto la recaudaci\u00f3n del Estado aumentar\u00eda en unos 1.500 millones de euros. Las negociaciones entre Gobierno y Podemos avanzan, seg\u00fan valor\u00f3 ayer Montero, \u00abde forma intensa y satisfactoria\u00bb y, dijo, ya \u00abse est\u00e1n produciendo avances\u00bb. El problema es que, pese a que el respaldo de los 67 diputados de Podemos es fundamental, no son suficientes para que el Ejecutivo saque adelante en el Congreso su nueva senda fiscal, paso previo para el dise\u00f1o y aprobaci\u00f3n de unos Presupuestos propios que permitan al PSOE, que gobierna con solo 84 esca\u00f1os, agotar la legislatura sin verse obligado a convocar elecciones de forma anticipada. Y aunque S\u00e1nchez se ha mostrado confiado en presentar este noviembre su proyecto de Presupuestos, no lo va a tener nada f\u00e1cil. A la oposici\u00f3n del PP y Ciudadanos, los indepentistas catalanes del PDeCat avisaron ayer al Ejecutivo de que se oponen a la medida no solo por considerarla simb\u00f3lica, sino porque creen que es m\u00e1s efectivo perseguir el fraude fiscal y la econom\u00eda sumergida. M\u00e1s a\u00fan, el portavoz de este grupo, Carles Campuzano, advirti\u00f3 a S\u00e1nchez de que algunas medidas que negocian PSOE y Podemos no gustan a su formaci\u00f3n, y denunci\u00f3 que, pese a que su apoyo es clave, no haya interlocuci\u00f3n con Hacienda. Hacienda compensar\u00e1 a las autonom\u00edas los 2.500 millones de la reforma del IVA El Gobierno socialista prev\u00e9 a las comunidades aut\u00f3nomas los 2.500 millones de euros que en 2019 recaudar\u00e1n de menos por el cambio normativo en la gesti\u00f3n del IVA que aprob\u00f3 en 2017 el Ejecutivo popular. Esa modificaci\u00f3n legal en el c\u00f3mputo del impuesto, seg\u00fan explic\u00f3 ayer en el Congreso de los Diputados la ministra de Hacienda, Mar\u00eda Jes\u00fas Montero, hace que las regiones no recauden el IVA correspondiente al mes de diciembre hasta enero del a\u00f1o siguiente. La medida, al tener efecto a los dos a\u00f1os de aprobarse, afecatar\u00e1 el pr\u00f3ximo ejercicio a las regiones con un descenso de la recaudaci\u00f3n en el a\u00f1o de 2.500 millones de euros. Hacienda avanz\u00f3 que estudia incluir un pr\u00e9stamo sin intereses en los Presupuestos para 2019 a las comunidades para cubrir ese desfase.<br \/>\nVia: <a href=\"https:\/\/www.abc.es\/economia\/abci-guino-fiscal-sanchez-podemos-solo-recaudara-400-millones-euros-201808310112_noticia.html\" target=\"_blank\">El gui\u00f1o fiscal de S\u00e1nchez a Podemos solo recaudar\u00e1 400 millones de euros<\/a><\/p>\n","protected":false},"excerpt":{"rendered":"<p>El Gobierno de Pedro S\u00e1nchez empez\u00f3 a negociar el apoyo de Podemos a sus Presupuestos para 2019 concediendo a la formaci\u00f3n morada m\u00e1s gasto p\u00fablico en forma de reversi\u00f3n de recortes en servicios sociales. Ahora, cuando toca discutir c\u00f3mo se pagar\u00e1 esa factura, los socialistas hacen un nuevo gui\u00f1o ideol\u00f3gico [&hellip;]<\/p>\n","protected":false},"author":2,"featured_media":56371,"comment_status":"open","ping_status":"closed","sticky":false,"template":"","format":"standard","meta":{"footnotes":""},"categories":[6],"tags":[],"class_list":["post-56370","post","type-post","status-publish","format-standard","has-post-thumbnail","hentry","category-spanish"],"_links":{"self":[{"href":"https:\/\/theworldwidejournal.com\/index.php?rest_route=\/wp\/v2\/posts\/56370","targetHints":{"allow":["GET"]}}],"collection":[{"href":"https:\/\/theworldwidejournal.com\/index.php?rest_route=\/wp\/v2\/posts"}],"about":[{"href":"https:\/\/theworldwidejournal.com\/index.php?rest_route=\/wp\/v2\/types\/post"}],"author":[{"embeddable":true,"href":"https:\/\/theworldwidejournal.com\/index.php?rest_route=\/wp\/v2\/users\/2"}],"replies":[{"embeddable":true,"href":"https:\/\/theworldwidejournal.com\/index.php?rest_route=%2Fwp%2Fv2%2Fcomments&post=56370"}],"version-history":[{"count":0,"href":"https:\/\/theworldwidejournal.com\/index.php?rest_route=\/wp\/v2\/posts\/56370\/revisions"}],"wp:featuredmedia":[{"embeddable":true,"href":"https:\/\/theworldwidejournal.com\/index.php?rest_route=\/wp\/v2\/media\/56371"}],"wp:attachment":[{"href":"https:\/\/theworldwidejournal.com\/index.php?rest_route=%2Fwp%2Fv2%2Fmedia&parent=56370"}],"wp:term":[{"taxonomy":"category","embeddable":true,"href":"https:\/\/theworldwidejournal.com\/index.php?rest_route=%2Fwp%2Fv2%2Fcategories&post=56370"},{"taxonomy":"post_tag","embeddable":true,"href":"https:\/\/theworldwidejournal.com\/index.php?rest_route=%2Fwp%2Fv2%2Ftags&post=56370"}],"curies":[{"name":"wp","href":"https:\/\/api.w.org\/{rel}","templated":true}]}}