{"id":56434,"date":"1970-01-01T01:00:00","date_gmt":"1970-01-01T00:00:00","guid":{"rendered":"https:\/\/theworldwidejournal.com\/1970\/01\/01\/el-gobierno-avala-la-propuesta-de-eliminar-el-cambio-de-hora\/"},"modified":"1970-01-01T01:00:00","modified_gmt":"1970-01-01T00:00:00","slug":"el-gobierno-avala-la-propuesta-de-eliminar-el-cambio-de-hora","status":"publish","type":"post","link":"https:\/\/theworldwidejournal.com\/?p=56434","title":{"rendered":"El Gobierno avala la propuesta de eliminar el cambio de hora"},"content":{"rendered":"<p>La portavoz del Gobierno, Isabel Cela\u00e1, ha asegurado hoy que el Gobierno est\u00e1 de acuerdo con la l\u00ednea europea respecto a poner fin a los cambios de hora en la Uni\u00f3n Europea (UE). As\u00ed lo ha se\u00f1alado la portavoz del Ejecutivo en la rueda de prensa posterior al Consejo del Ministro, donde, seg\u00fan Cela\u00e1, se ha hablado de este asunto aunque no de si los pa\u00edses europeos deber\u00edan adoptar el horario de verano o el de invierno permanentemente. No obstante, Cela\u00e1 ha insistido en que el Gobierno est\u00e1 de acuerdo con la propuesta realizada por el presidente de la Comisi\u00f3n Europea (CE), Jean-Claude Juncker, quien ha asegurado que, tras haber escuchado a millones de ciudadanos que manifestaron su opini\u00f3n a trav\u00e9s de una consulta p\u00fablica, pr\u00f3ximamente se presentar\u00e1 una propuesta legislativa para poner fin a los cambios horarios. En concreto, un 84% de los ciudadanos europeos y un 93% de los espa\u00f1oles que participaron en la consulta p\u00fablica se pronunciaron a favor de eliminar esta pr\u00e1ctica, seg\u00fan los resultados preliminares de la encuesta publicados hoy por la Comisi\u00f3n Europea (CE). \u00abNosotros estamos de acuerdo con la propuesta que hace la Comisi\u00f3n (&#8230;), si es el de verano o el de invierno ni lo hemos debatido en el Consejo. Lo podemos preguntar pero no hemos tratado este tema, pero s\u00ed hemos tratado que estamos de acuerdo con la propuesta que hace Juncker en este sentido\u00bb, ha dicho la portavoz. Cela\u00e1, que ha asegurado no observar que \u00abhaya tantas ventajas\u00bb con los cambios de hora, ha recordado que lo que defiende Europa est\u00e1 en l\u00ednea con lo que reclama y ha defendido el actual Gobierno. En cuanto a si Espa\u00f1a deber\u00eda adem\u00e1s cambiar de huso horario y sobre la racionalizaci\u00f3n de horarios, la portavoz ha apuntado que este es un tema \u00abmuy complejo, controvertido e interesante\u00bb y, aunque no puede avanzar detalles, \u00abforma parte de la agenda del Ejecutivo\u00bb. En la UE hay tres zonas horarias en las que los pa\u00edses han escogido diferentes husos. Por su parte, el ministro de Asuntos Exteriores, Josep Borrell, no descart\u00f3 que Espa\u00f1a pueda tener \u00abotro huso horario\u00bb m\u00e1s acorde a su posici\u00f3n geogr\u00e1fica, despu\u00e9s de que la Comisi\u00f3n Europea (CE) propusiera hoy poner fin al cambio de hora estacional en la Uni\u00f3n Europea a ra\u00edz de una consulta p\u00fablica. \u00abQuiz\u00e1 Espa\u00f1a tiene que estar en otro huso horario. Francamente, no lo s\u00e9. Demos la oportunidad al Parlamento Europeo a ver si es capaz de encontrar un com\u00fan denominador entre pa\u00edses que est\u00e1n en situaciones geogr\u00e1ficas tan diferentes\u00bb, manifest\u00f3 en un encuentro con los medios durante la reuni\u00f3n de ministros de Exteriores que se concluye hoy en Viena. Borrell incidi\u00f3 en que se trata de una propuesta que tiene que ser debatida en el Parlamento Europeo donde \u00abtodos los pa\u00edses tendr\u00e1n que explicar su punto de vista y en qu\u00e9 medida eso favorece o no los procesos de conciliaci\u00f3n de la vida familiar, adaptaci\u00f3n de horarios a las horas de luz y consumos de energ\u00eda\u00bb. \u00abSeguro que no lo ven igual los lapones que los portugueses\u00bb, agreg\u00f3, aunque admiti\u00f3 que no es \u00abun experto\u00bb en el asunto. Preguntado por si se inclina m\u00e1s por el horario de verano o el de inverno, se mostr\u00f3 indiferente: \u00abMis horarios son continuados en invierno y en verano\u00bb, declar\u00f3. La Comisi\u00f3n Europea inform\u00f3 el pasado 17 de agosto de que la consulta p\u00fablica para recabar opiniones sobre la posibilidad de modificar la directiva europea que regula el cambio horario registr\u00f3 una cifra r\u00e9cord de participaciones. Unos 4,6 millones de europeos de los 28 pa\u00edses de la Uni\u00f3n hicieron sus aportaciones a trav\u00e9s de un cuestionario en l\u00ednea. \u00abLos parlamentarios de cada pa\u00eds tendr\u00e1n que explicar c\u00f3mo afecta a los ciudadanos de cada pa\u00eds; esa es la gran virtud que tiene la asamblea parlamentaria, que a veces dicen que tiene poca utilidad, esta es la prueba de que tendr\u00e1 que decidir sobre un problema que afecta a la vida de la gente, la econom\u00eda y el consumo energ\u00e9tico\u00bb, defendi\u00f3.<br \/>\nVia: <a href=\"https:\/\/www.abc.es\/sociedad\/abci-borrell-no-descarta-espana-tenga-estar-otro-huso-horario-201808311310_noticia.html\" target=\"_blank\">El Gobierno avala la propuesta de eliminar el cambio de hora<\/a><\/p>\n","protected":false},"excerpt":{"rendered":"<p>La portavoz del Gobierno, Isabel Cela\u00e1, ha asegurado hoy que el Gobierno est\u00e1 de acuerdo con la l\u00ednea europea respecto a poner fin a los cambios de hora en la Uni\u00f3n Europea (UE). As\u00ed lo ha se\u00f1alado la portavoz del Ejecutivo en la rueda de prensa posterior al Consejo del [&hellip;]<\/p>\n","protected":false},"author":2,"featured_media":56435,"comment_status":"open","ping_status":"closed","sticky":false,"template":"","format":"standard","meta":{"footnotes":""},"categories":[6],"tags":[],"class_list":["post-56434","post","type-post","status-publish","format-standard","has-post-thumbnail","hentry","category-spanish"],"_links":{"self":[{"href":"https:\/\/theworldwidejournal.com\/index.php?rest_route=\/wp\/v2\/posts\/56434","targetHints":{"allow":["GET"]}}],"collection":[{"href":"https:\/\/theworldwidejournal.com\/index.php?rest_route=\/wp\/v2\/posts"}],"about":[{"href":"https:\/\/theworldwidejournal.com\/index.php?rest_route=\/wp\/v2\/types\/post"}],"author":[{"embeddable":true,"href":"https:\/\/theworldwidejournal.com\/index.php?rest_route=\/wp\/v2\/users\/2"}],"replies":[{"embeddable":true,"href":"https:\/\/theworldwidejournal.com\/index.php?rest_route=%2Fwp%2Fv2%2Fcomments&post=56434"}],"version-history":[{"count":0,"href":"https:\/\/theworldwidejournal.com\/index.php?rest_route=\/wp\/v2\/posts\/56434\/revisions"}],"wp:featuredmedia":[{"embeddable":true,"href":"https:\/\/theworldwidejournal.com\/index.php?rest_route=\/wp\/v2\/media\/56435"}],"wp:attachment":[{"href":"https:\/\/theworldwidejournal.com\/index.php?rest_route=%2Fwp%2Fv2%2Fmedia&parent=56434"}],"wp:term":[{"taxonomy":"category","embeddable":true,"href":"https:\/\/theworldwidejournal.com\/index.php?rest_route=%2Fwp%2Fv2%2Fcategories&post=56434"},{"taxonomy":"post_tag","embeddable":true,"href":"https:\/\/theworldwidejournal.com\/index.php?rest_route=%2Fwp%2Fv2%2Ftags&post=56434"}],"curies":[{"name":"wp","href":"https:\/\/api.w.org\/{rel}","templated":true}]}}