{"id":56436,"date":"1970-01-01T01:00:00","date_gmt":"1970-01-01T00:00:00","guid":{"rendered":"https:\/\/theworldwidejournal.com\/1970\/01\/01\/el-gobierno-pide-a-torra-acabar-con-la-tension-por-los-lazos-a-nadie-le-interesa-problemas-en-la-calle\/"},"modified":"1970-01-01T01:00:00","modified_gmt":"1970-01-01T00:00:00","slug":"el-gobierno-pide-a-torra-acabar-con-la-tension-por-los-lazos-a-nadie-le-interesa-problemas-en-la-calle","status":"publish","type":"post","link":"https:\/\/theworldwidejournal.com\/?p=56436","title":{"rendered":"El Gobierno pide a Torra acabar con la tensi\u00f3n por los lazos: \u00abA nadie le interesa problemas en la calle\u00bb"},"content":{"rendered":"<p>El Gobierno de Pedro S\u00e1nchez considera prioritario rebajar la escalada de tensi\u00f3n que se vive en Catalu\u00f1a por la colocaci\u00f3n de los lazos amarillos en las calles y que, reconocen en La Moncloa, supone un problema de \u201cseguridad y orden p\u00fablico\u201d, por lo que requerir\u00e1 al Govern que act\u00fae preservando la necesaria neutralidad de los espacios p\u00fablicos. El ministro de Interior, Fernando Grande-Marlaska, trasmitir\u00e1 este asunto al conseller catal\u00e1n, Miquel Buch, en la reuni\u00f3n de la Junta de Seguridad con la Generalitat que se celebrar\u00e1 el pr\u00f3ximo jueves d\u00eda 6 de septiembre, y que estar\u00e1 presidida por el presidente catal\u00e1n, Quim Torra. \u00abA nadie le interesa tener problemas en la calle\u00bb, ha asegurado la portavoz del Ejecutivo, Isabel Cel\u00e1a, quien ha condenado los altercados producidos en los \u00faltimos d\u00edas, entre ellos, la agresi\u00f3n a una ciudadana en Barcelona, con rotura de nariz, por parte de un hombre, as\u00ed como el incidente violento en el que estuvo envuelto un c\u00e1mara de Telemadrid en una manifestaci\u00f3n convocada por Ciudadanos para condenar el primer suceso. \u201cEl Gobierno condena absolutamente cualquier ataque o lesi\u00f3n que se haya producido por mor de puesta o retirada de lazos. Y llama a la contenci\u00f3n, prudencia y a la no provocaci\u00f3n\u201d, ha afirmado Cel\u00e1a en la rueda de prensa posterior a la reuni\u00f3n del Consejo de Ministros, presidida hoy por la vicepresidenta, Carmen Calvo, por estar el presidente de viaje en Iberoam\u00e9rica. \u201cTodos sabemos que la libertad de expresi\u00f3n de los particulares termina donde empieza la de los otros. Hay que guardar la mayor neutralidad posible en los espacios p\u00fablicos\u201d, ha se\u00f1alado Cel\u00e1a confirmando que este asunto ser\u00e1 puesto encima de la mesa en la reuni\u00f3n de la junta de seguridad con la Generalitat. Fuentes de La Moncloa confirman que esta cuesti\u00f3n ocupar\u00e1 el primer punto del orden del d\u00eda. \u201cEs una cuesti\u00f3n de seguridad y orden p\u00fablico\u201d, apuntan desde el Ejecutivo de S\u00e1nchez. La portavoz ha rehusado reprobar p\u00fablicamente la actitud de los l\u00edderes de Ciudadanos, Albert Rivera e In\u00e9s Arrimadas, que han retirado s\u00edmbolos propagandistas acusando al Gobierno de inacci\u00f3n. El presidente del PP, Pablo Casado, se desmarc\u00f3 ayer de esa estrategia asegurando que no contribuir\u00eda a a\u00f1adir m\u00e1s tensi\u00f3n. El PSOE acus\u00f3 a Ciudadanos de \u201calimentar\u201d el conflicto social en Catalu\u00f1a con su actitud. El Gobierno se limita a pedir prudencia, sin entrar a enjuiciar a Cs.<br \/>\nVia: <a href=\"https:\/\/www.abc.es\/espana\/abci-celaa-sobre-lazos-amarillos-nadie-interesa-tener-problemas-calle-201808311426_noticia.html\" target=\"_blank\">El Gobierno pide a Torra acabar con la tensi\u00f3n por los lazos: \u00abA nadie le interesa problemas en la calle\u00bb<\/a><\/p>\n","protected":false},"excerpt":{"rendered":"<p>El Gobierno de Pedro S\u00e1nchez considera prioritario rebajar la escalada de tensi\u00f3n que se vive en Catalu\u00f1a por la colocaci\u00f3n de los lazos amarillos en las calles y que, reconocen en La Moncloa, supone un problema de \u201cseguridad y orden p\u00fablico\u201d, por lo que requerir\u00e1 al Govern que act\u00fae preservando [&hellip;]<\/p>\n","protected":false},"author":2,"featured_media":56437,"comment_status":"open","ping_status":"closed","sticky":false,"template":"","format":"standard","meta":{"footnotes":""},"categories":[6],"tags":[],"class_list":["post-56436","post","type-post","status-publish","format-standard","has-post-thumbnail","hentry","category-spanish"],"_links":{"self":[{"href":"https:\/\/theworldwidejournal.com\/index.php?rest_route=\/wp\/v2\/posts\/56436","targetHints":{"allow":["GET"]}}],"collection":[{"href":"https:\/\/theworldwidejournal.com\/index.php?rest_route=\/wp\/v2\/posts"}],"about":[{"href":"https:\/\/theworldwidejournal.com\/index.php?rest_route=\/wp\/v2\/types\/post"}],"author":[{"embeddable":true,"href":"https:\/\/theworldwidejournal.com\/index.php?rest_route=\/wp\/v2\/users\/2"}],"replies":[{"embeddable":true,"href":"https:\/\/theworldwidejournal.com\/index.php?rest_route=%2Fwp%2Fv2%2Fcomments&post=56436"}],"version-history":[{"count":0,"href":"https:\/\/theworldwidejournal.com\/index.php?rest_route=\/wp\/v2\/posts\/56436\/revisions"}],"wp:featuredmedia":[{"embeddable":true,"href":"https:\/\/theworldwidejournal.com\/index.php?rest_route=\/wp\/v2\/media\/56437"}],"wp:attachment":[{"href":"https:\/\/theworldwidejournal.com\/index.php?rest_route=%2Fwp%2Fv2%2Fmedia&parent=56436"}],"wp:term":[{"taxonomy":"category","embeddable":true,"href":"https:\/\/theworldwidejournal.com\/index.php?rest_route=%2Fwp%2Fv2%2Fcategories&post=56436"},{"taxonomy":"post_tag","embeddable":true,"href":"https:\/\/theworldwidejournal.com\/index.php?rest_route=%2Fwp%2Fv2%2Ftags&post=56436"}],"curies":[{"name":"wp","href":"https:\/\/api.w.org\/{rel}","templated":true}]}}