{"id":56440,"date":"1970-01-01T01:00:00","date_gmt":"1970-01-01T00:00:00","guid":{"rendered":"https:\/\/theworldwidejournal.com\/1970\/01\/01\/el-relato-empieza-a-fallar-a-puigdemont\/"},"modified":"1970-01-01T01:00:00","modified_gmt":"1970-01-01T00:00:00","slug":"el-relato-empieza-a-fallar-a-puigdemont","status":"publish","type":"post","link":"https:\/\/theworldwidejournal.com\/?p=56440","title":{"rendered":"El \u00abrelato\u00bb empieza a fallar a Puigdemont"},"content":{"rendered":"<p>La relevancia de la dr\u00e1stica rectificaci\u00f3n del Gobierno en defensa del magistrado Pablo Llarena consiste en que, por primera vez en meses, se est\u00e1 consiguiendo revertir el relato victimista y manipulador del separatismo. Hasta ahora, cada campa\u00f1a de propaganda dise\u00f1ada por el independentismo era un \u00e9xito frente a la par\u00e1lisis de un constitucionalismo fracturado e inmerso en otras prioridades. En un primer momento, el Gobierno de Pedro S\u00e1nchez quiso dar una sobrada apariencia de teledirigir el proceso penal para supeditarlo a una estrategia de di\u00e1logo con Catalu\u00f1a. Llarena y su instrucci\u00f3n nunca generaron ninguna simpat\u00eda en el PSOE porque realmente lleg\u00f3 a creer que la \u00absoluci\u00f3n pol\u00edtica\u00bb para Catalu\u00f1a pasaba por minimizar al Tribunal Supremo y vincular la instrucci\u00f3n al anterior Gobierno del PP. Sus palabras, y las del PSC, contra la \u00abjudicializaci\u00f3n\u00bb del golpe de Estado como factor entorpecedor de cualquier soluci\u00f3n pol\u00edtica, suger\u00edan que la suavizaci\u00f3n de cualquier acusaci\u00f3n por parte de la Fiscal\u00eda servir\u00eda de moneda de cambio para la estrategia de \u00abapaciguamiento\u00bb. Sin embargo, ese concepto de autoridad y separaci\u00f3n de poderes mal entendido por Moncloa ha engrasado como nunca antes los mecanismos reactivos de nuestro aparato de Justicia con un \u00abMe Too\u00bb imprescindible. La demanda de Carles Puigdemont contra Llarena ha sido una agresi\u00f3n en toda regla p\u00e9simamente diagnosticada por el Gobierno. Nuestra Justicia, habitualmente endog\u00e1mica y viciada por la misma fractura ideol\u00f3gica que condiciona y paraliza a los partidos frente a cuestiones de Estado inaplazables, ha temido realmente que la inacci\u00f3n del Gobierno, y su primigenia idea de abandonar a Llarena a su suerte, fulminasen nuestro sistema de garant\u00edas. La justificaci\u00f3n de una superioridad moral de los derechos de Puigdemont frente a todo nuestro \u00abautoritario y parcial\u00bb aparato de justicia habr\u00eda sido demoledora. Habr\u00eda supuesto servir en bandeja el argumento a la Justicia belga, a menudo m\u00e1s receptiva y tolerante con el separatismo pol\u00edtico que con la letra de las leyes de cada pa\u00eds. Y del suyo propio. Antecedentes de ello contra Espa\u00f1a abonan las hemerotecas. El PSOE nunca ocult\u00f3 su incomodidad con un proceso penal por traici\u00f3n y sedici\u00f3n. Nunca comparti\u00f3 el encarcelamiento provisional de los acusados porque perjudicaba su objetivo t\u00e1ctico de frenar al separatismo con gestos. M\u00e1s a\u00fan, el Supremo corr\u00eda el riesgo de ser un impedimento para otros objetivos ulteriores del Gobierno socialista. Por eso hoy Llarena, un magistrado insultado, acosado y vilipendiado como pocos antes en democracia, ha empezado a ganar una partida que la indolencia premeditada del Estado le hac\u00eda perder por d\u00edas. No como magistrado en el leg\u00edtimo uso de sus prerrogativas constitucionales para la aplicaci\u00f3n del C\u00f3digo Penal, sino como rostro que encarna todo nuestro sistema de garant\u00edas y libertades. No ha sido una espont\u00e1nea reacci\u00f3n de solidaridad personal dispensada por el mundo jur\u00eddico \u2013a izquierda y derecha\u2013 lo que ha obligado al Gobierno a rectificar. Ha sido la tard\u00eda convicci\u00f3n real de que si S\u00e1nchez, alertado por otros ministros, no desautorizaba a la titular de Justicia, habr\u00eda una revuelta \u00abjudicial\u00bb en Espa\u00f1a, y todo el andamiaje de nuestra justicia quedar\u00eda herido frente a una acusaci\u00f3n que se ha revelado falsa, antes incluso de ser admitida en Bruselas. Aunque sea rectificando, Espa\u00f1a est\u00e1 ahora en mejor posici\u00f3n que antes para superar, en leg\u00edtima defensa propia, este pleito fraudulento y prefabricado. No es Llarena quien tiene que ganar nada, porque no es \u00e9l quien compite con Puigdemont. No est\u00e1n en ninguna equivalencia de valores. Ah\u00ed radica la toxicidad del argumento que lleva meses elaborando el separatismo con un perverso \u00abcara a cara\u00bb que no es tal, porque ni una sola decisi\u00f3n de Llarena en casi un a\u00f1o de instrucci\u00f3n ha sido revocada. En esta \u00e9poca de esl\u00f3ganes artificiales y de mercantilizaci\u00f3n de la pol\u00edtica, hace meses que el constitucionalismo ha perdido la ocasi\u00f3n de sostener que frente a los ataques del separatismo a un modelo de naci\u00f3n, \u00abLlarena somos todos\u00bb. Toca resarcirse ahora frente a otro \u00abrelato\u00bb que la Generalitat hab\u00eda manipulado a capricho, y ganaba, con Llarena y el Supremo a la intemperie.<br \/>\nVia: <a href=\"https:\/\/www.abc.es\/espana\/abci-relato-empieza-fallar-puigdemont-201808310123_noticia.html\" target=\"_blank\">El \u00abrelato\u00bb empieza a fallar a Puigdemont<\/a><\/p>\n","protected":false},"excerpt":{"rendered":"<p>La relevancia de la dr\u00e1stica rectificaci\u00f3n del Gobierno en defensa del magistrado Pablo Llarena consiste en que, por primera vez en meses, se est\u00e1 consiguiendo revertir el relato victimista y manipulador del separatismo. Hasta ahora, cada campa\u00f1a de propaganda dise\u00f1ada por el independentismo era un \u00e9xito frente a la par\u00e1lisis [&hellip;]<\/p>\n","protected":false},"author":2,"featured_media":56441,"comment_status":"open","ping_status":"closed","sticky":false,"template":"","format":"standard","meta":{"footnotes":""},"categories":[6],"tags":[],"class_list":["post-56440","post","type-post","status-publish","format-standard","has-post-thumbnail","hentry","category-spanish"],"_links":{"self":[{"href":"https:\/\/theworldwidejournal.com\/index.php?rest_route=\/wp\/v2\/posts\/56440","targetHints":{"allow":["GET"]}}],"collection":[{"href":"https:\/\/theworldwidejournal.com\/index.php?rest_route=\/wp\/v2\/posts"}],"about":[{"href":"https:\/\/theworldwidejournal.com\/index.php?rest_route=\/wp\/v2\/types\/post"}],"author":[{"embeddable":true,"href":"https:\/\/theworldwidejournal.com\/index.php?rest_route=\/wp\/v2\/users\/2"}],"replies":[{"embeddable":true,"href":"https:\/\/theworldwidejournal.com\/index.php?rest_route=%2Fwp%2Fv2%2Fcomments&post=56440"}],"version-history":[{"count":0,"href":"https:\/\/theworldwidejournal.com\/index.php?rest_route=\/wp\/v2\/posts\/56440\/revisions"}],"wp:featuredmedia":[{"embeddable":true,"href":"https:\/\/theworldwidejournal.com\/index.php?rest_route=\/wp\/v2\/media\/56441"}],"wp:attachment":[{"href":"https:\/\/theworldwidejournal.com\/index.php?rest_route=%2Fwp%2Fv2%2Fmedia&parent=56440"}],"wp:term":[{"taxonomy":"category","embeddable":true,"href":"https:\/\/theworldwidejournal.com\/index.php?rest_route=%2Fwp%2Fv2%2Fcategories&post=56440"},{"taxonomy":"post_tag","embeddable":true,"href":"https:\/\/theworldwidejournal.com\/index.php?rest_route=%2Fwp%2Fv2%2Ftags&post=56440"}],"curies":[{"name":"wp","href":"https:\/\/api.w.org\/{rel}","templated":true}]}}